{"id":1164,"date":"2017-12-12T09:49:51","date_gmt":"2017-12-12T07:49:51","guid":{"rendered":"https:\/\/hyvajoulumieli.fi\/?p=1164"},"modified":"2017-12-12T09:56:37","modified_gmt":"2017-12-12T07:56:37","slug":"att-kunna-saga-jo-till-barnens-tassiga-ideer","status":"publish","type":"post","link":"https:\/\/hyvajoulumieli.fi\/sv\/att-kunna-saga-jo-till-barnens-tassiga-ideer\/","title":{"rendered":"Att kunna s\u00e4ga jo till barnens tassiga id\u00e9er"},"content":{"rendered":"<p><strong>Ville Mustonen<\/strong> fr\u00e5n Tr\u00e4sk\u00e4nda fick ett Jul i Sinnet-presentkort julen 2016. Villes barn hade flyttat till honom n\u00e5gra m\u00e5nader f\u00f6re jul och han hade varit tvungen att ordna om sitt liv p\u00e5 grund av det. Han hade bland annat varit tvungen att l\u00e4mna sitt jobb. Tidigare hade Ville tr\u00e4ffat sina barn p\u00e5 veckosluten, och han h\u00f6ll fortfarande p\u00e5 med att v\u00e4nja sig vid den nya vardagen n\u00e4r en frivillig fr\u00e5n MLL:s lokalf\u00f6rening ringde p\u00e5 d\u00f6rren. Personen hade ett presentkort med sig. Villes f\u00f6rsta reaktion var \u00f6verv\u00e4ldigad.<\/p>\n<p>\u2013 Jag sa bara att wow, j\u00e4ttefint. Jag kunde inte v\u00e4nta mig n\u00e5got s\u00e5dant h\u00e4r. Det \u00e4r fantastiskt n\u00e4r n\u00e4rst\u00e5ende hj\u00e4lper en i ett besv\u00e4rligt skede av livet, men det v\u00e4rmde p\u00e5 ett annat s\u00e4tt n\u00e4r hj\u00e4lpen kom fr\u00e5n en organisation. Det var en bra p\u00e5minnelse om hur mycket olika f\u00f6reningar satsar p\u00e5 g\u00e5vor av det h\u00e4r slaget, beskriver Ville de tankar som han hade f\u00f6r ett \u00e5r sedan.<\/p>\n<p>N\u00e4r familjen fick presentkortet var dess ekonomiska l\u00e4ge s\u00e5 stramt att en \u00e4ndring p\u00e5 n\u00e5gra tiolappar i inkomsterna och utgifterna hade stor betydelse. Tack vare Jul i Sinnet-presentkortet beh\u00f6vde Ville inte t\u00e4nka efter varje k\u00f6p tv\u00e5 g\u00e5nger n\u00e4r han handlade.<\/p>\n<p>\u2013 Det var fantastiskt att f\u00e5 vara stressfri en stund. Det gjorde det l\u00e4ttare att vara far. Som f\u00f6r\u00e4lder vill man inte hela tiden g\u00f6ra barnen besvikna och svara p\u00e5 varje f\u00f6rslag att det inte finns pengar eller att det inte \u00e4r m\u00f6jligt av n\u00e5gon annan orsak. Det h\u00e4r betonas s\u00e4rskilt inf\u00f6r jul. Det var trevligt att kunna s\u00e4ga jo till barnens id\u00e9er, ber\u00e4ttar Ville.<\/p>\n<h3><strong>Pepparkakshus med hj\u00e4lp av ett proffs<\/strong><\/h3>\n<p>I dag \u00e4r Villes barn 7 och 9 \u00e5r. Ville k\u00e4nde inte till Jul i Sinnet p\u00e5 f\u00f6rhand, men han kommer aldrig att gl\u00f6mma hur det k\u00e4ndes att f\u00e5 presentkortet. Familjen pratade \u00f6ppet om det. \u2013 Jag f\u00f6rs\u00f6ker prata med barnen om allt som h\u00e4nder i v\u00e4rlden och jag ber\u00e4ttade f\u00f6r dem ocks\u00e5 om presentkortet. Visst hade de redan f\u00f6rst\u00e5tt vid det laget att pappa inte har extra fyrk att l\u00e4gga ut s\u00e5 d\u00e4r bara. Jag m\u00e4rkte p\u00e5 barnen att de p\u00e5 n\u00e5got s\u00e4tt f\u00f6rstod vad det betydde att f\u00e5 presentkortet, s\u00e4ger Ville.<\/p>\n<p>Precis som i m\u00e5nga andra barnfamiljer b\u00f6rjar den egentliga v\u00e4ntan p\u00e5 julen i Villes familj n\u00e4r barnen \u00f6ppnar julkalenderns f\u00f6rsta lucka. S\u00e5 \u00e4r det \u00e4ven i \u00e5r. Familjen ska r\u00f6ja plats f\u00f6r granen och dekorera hemmet med julpynt f\u00f6re jul.<\/p>\n<p>\u2013 Min syster studerar till bagare-konditor och jag har redan bett henne komma till oss n\u00e5gra dagar f\u00f6re jul f\u00f6r att g\u00f6ra ett pepparkakshus med barnen. Barnen f\u00e5r g\u00f6ra pepparkakshuset med ett proffs, s\u00e5 det blir s\u00e4kert fint, s\u00e4ger Ville skrattande.<\/p>\n<p>Ville tycker att det fina med Jul i Sinnet-insamlingen \u00e4r att g\u00e5van ger lite andrum bland alla utmaningar. Julen kan vara en stressande tid \u00e4ven utan extra trassel i vardagen. Om man \u00e4r ensamst\u00e5ende f\u00f6r\u00e4lder, sjuk eller arbetsl\u00f6s g\u00f6r de ekonomiska problemen julen \u00e4nnu mer anstr\u00e4ngande.<\/p>\n<p>\u2013 Pengar ger inte lycka, men de kan ge glimtar av gl\u00e4dje n\u00e4r det blir m\u00f6jligt att s\u00e4ga jo \u00e4ven till n\u00e5gra av barnens tassiga id\u00e9er utan att man beh\u00f6ver v\u00e4nda p\u00e5 varje cent, konstaterar Ville.<\/p>\n<hr \/>\n<p>Text: Eveliina Kutila<br \/>\n\u00d6vers\u00e4ttning: K\u00e4\u00e4nn\u00f6s-Aazet Oy<br \/>\nFoto: Maria Gnosspelius<\/p>\n","protected":false},"excerpt":{"rendered":"<p>Ville Mustonen fr\u00e5n Tr\u00e4sk\u00e4nda fick ett Jul i Sinnet-presentkort julen 2016. Villes barn hade flyttat till honom n\u00e5gra m\u00e5nader f\u00f6re jul och han hade varit tvungen att ordna om sitt liv p\u00e5 grund av det. Han hade bland annat varit tvungen att l\u00e4mna sitt jobb. Tidigare hade Ville tr\u00e4ffat sina barn p\u00e5 veckosluten, och han &#8230; <a title=\"Att kunna s\u00e4ga jo till barnens tassiga id\u00e9er\" class=\"read-more\" href=\"https:\/\/hyvajoulumieli.fi\/sv\/att-kunna-saga-jo-till-barnens-tassiga-ideer\/\" aria-label=\"L\u00e4s mer om Att kunna s\u00e4ga jo till barnens tassiga id\u00e9er\">L\u00e4s mer<\/a><\/p>\n","protected":false},"author":1,"featured_media":1160,"comment_status":"open","ping_status":"open","sticky":false,"template":"","format":"standard","meta":{"_acf_changed":false,"_monsterinsights_skip_tracking":false,"_monsterinsights_sitenote_active":false,"_monsterinsights_sitenote_note":"","_monsterinsights_sitenote_category":0,"footnotes":""},"categories":[5],"tags":[],"class_list":["post-1164","post","type-post","status-publish","format-standard","has-post-thumbnail","hentry","category-aktuellt"],"acf":[],"gutentor_comment":0,"yoast_head":"<!-- This site is optimized with the Yoast SEO plugin v27.5 - https:\/\/yoast.com\/product\/yoast-seo-wordpress\/ -->\n<title>Att kunna s\u00e4ga jo till barnens tassiga id\u00e9er - Hyv\u00e4 Joulumieli -ker\u00e4ys<\/title>\n<meta name=\"robots\" content=\"index, follow, max-snippet:-1, max-image-preview:large, max-video-preview:-1\" \/>\n<link rel=\"canonical\" href=\"https:\/\/hyvajoulumieli.fi\/sv\/att-kunna-saga-jo-till-barnens-tassiga-ideer\/\" \/>\n<meta property=\"og:locale\" content=\"sv_SE\" \/>\n<meta property=\"og:type\" content=\"article\" \/>\n<meta property=\"og:title\" content=\"Att kunna s\u00e4ga jo till barnens tassiga id\u00e9er - Hyv\u00e4 Joulumieli -ker\u00e4ys\" \/>\n<meta property=\"og:description\" content=\"Ville Mustonen fr\u00e5n Tr\u00e4sk\u00e4nda fick ett Jul i Sinnet-presentkort julen 2016. Villes barn hade flyttat till honom n\u00e5gra m\u00e5nader f\u00f6re jul och han hade varit tvungen att ordna om sitt liv p\u00e5 grund av det. Han hade bland annat varit tvungen att l\u00e4mna sitt jobb. Tidigare hade Ville tr\u00e4ffat sina barn p\u00e5 veckosluten, och han ... L\u00e4s mer\" \/>\n<meta property=\"og:url\" content=\"https:\/\/hyvajoulumieli.fi\/sv\/att-kunna-saga-jo-till-barnens-tassiga-ideer\/\" \/>\n<meta property=\"og:site_name\" content=\"Hyv\u00e4 Joulumieli -ker\u00e4ys\" \/>\n<meta property=\"article:publisher\" content=\"https:\/\/www.facebook.com\/hyvajoulumieli\/\" \/>\n<meta property=\"article:published_time\" content=\"2017-12-12T07:49:51+00:00\" \/>\n<meta property=\"article:modified_time\" content=\"2017-12-12T07:56:37+00:00\" \/>\n<meta property=\"og:image\" content=\"https:\/\/hyvajoulumieli.fi\/wp-content\/uploads\/2017\/12\/ville_mustonen.jpg\" \/>\n\t<meta property=\"og:image:width\" content=\"3264\" \/>\n\t<meta property=\"og:image:height\" content=\"1956\" \/>\n\t<meta property=\"og:image:type\" content=\"image\/jpeg\" \/>\n<meta name=\"author\" content=\"hjm-yllapito\" \/>\n<meta name=\"twitter:card\" content=\"summary_large_image\" \/>\n<meta name=\"twitter:creator\" content=\"@hyvajoulumieli\" \/>\n<meta name=\"twitter:site\" content=\"@hyvajoulumieli\" \/>\n<meta name=\"twitter:label1\" content=\"Skriven av\" \/>\n\t<meta name=\"twitter:data1\" content=\"hjm-yllapito\" \/>\n\t<meta name=\"twitter:label2\" content=\"Ber\u00e4knad l\u00e4stid\" \/>\n\t<meta name=\"twitter:data2\" content=\"3 minuter\" \/>\n<script type=\"application\/ld+json\" class=\"yoast-schema-graph\">{\"@context\":\"https:\\\/\\\/schema.org\",\"@graph\":[{\"@type\":\"Article\",\"@id\":\"https:\\\/\\\/hyvajoulumieli.fi\\\/sv\\\/att-kunna-saga-jo-till-barnens-tassiga-ideer\\\/#article\",\"isPartOf\":{\"@id\":\"https:\\\/\\\/hyvajoulumieli.fi\\\/sv\\\/att-kunna-saga-jo-till-barnens-tassiga-ideer\\\/\"},\"author\":{\"name\":\"hjm-yllapito\",\"@id\":\"https:\\\/\\\/hyvajoulumieli.fi\\\/#\\\/schema\\\/person\\\/157f8ed05b48bcd527652c35771c91ee\"},\"headline\":\"Att kunna s\u00e4ga jo till barnens tassiga id\u00e9er\",\"datePublished\":\"2017-12-12T07:49:51+00:00\",\"dateModified\":\"2017-12-12T07:56:37+00:00\",\"mainEntityOfPage\":{\"@id\":\"https:\\\/\\\/hyvajoulumieli.fi\\\/sv\\\/att-kunna-saga-jo-till-barnens-tassiga-ideer\\\/\"},\"wordCount\":645,\"commentCount\":0,\"publisher\":{\"@id\":\"https:\\\/\\\/hyvajoulumieli.fi\\\/#organization\"},\"image\":{\"@id\":\"https:\\\/\\\/hyvajoulumieli.fi\\\/sv\\\/att-kunna-saga-jo-till-barnens-tassiga-ideer\\\/#primaryimage\"},\"thumbnailUrl\":\"https:\\\/\\\/hyvajoulumieli.fi\\\/wp-content\\\/uploads\\\/2017\\\/12\\\/ville_mustonen.jpg\",\"articleSection\":[\"Aktuellt\"],\"inLanguage\":\"sv-SE\",\"potentialAction\":[{\"@type\":\"CommentAction\",\"name\":\"Comment\",\"target\":[\"https:\\\/\\\/hyvajoulumieli.fi\\\/sv\\\/att-kunna-saga-jo-till-barnens-tassiga-ideer\\\/#respond\"]}]},{\"@type\":\"WebPage\",\"@id\":\"https:\\\/\\\/hyvajoulumieli.fi\\\/sv\\\/att-kunna-saga-jo-till-barnens-tassiga-ideer\\\/\",\"url\":\"https:\\\/\\\/hyvajoulumieli.fi\\\/sv\\\/att-kunna-saga-jo-till-barnens-tassiga-ideer\\\/\",\"name\":\"Att kunna s\u00e4ga jo till barnens tassiga id\u00e9er - Hyv\u00e4 Joulumieli -ker\u00e4ys\",\"isPartOf\":{\"@id\":\"https:\\\/\\\/hyvajoulumieli.fi\\\/#website\"},\"primaryImageOfPage\":{\"@id\":\"https:\\\/\\\/hyvajoulumieli.fi\\\/sv\\\/att-kunna-saga-jo-till-barnens-tassiga-ideer\\\/#primaryimage\"},\"image\":{\"@id\":\"https:\\\/\\\/hyvajoulumieli.fi\\\/sv\\\/att-kunna-saga-jo-till-barnens-tassiga-ideer\\\/#primaryimage\"},\"thumbnailUrl\":\"https:\\\/\\\/hyvajoulumieli.fi\\\/wp-content\\\/uploads\\\/2017\\\/12\\\/ville_mustonen.jpg\",\"datePublished\":\"2017-12-12T07:49:51+00:00\",\"dateModified\":\"2017-12-12T07:56:37+00:00\",\"breadcrumb\":{\"@id\":\"https:\\\/\\\/hyvajoulumieli.fi\\\/sv\\\/att-kunna-saga-jo-till-barnens-tassiga-ideer\\\/#breadcrumb\"},\"inLanguage\":\"sv-SE\",\"potentialAction\":[{\"@type\":\"ReadAction\",\"target\":[\"https:\\\/\\\/hyvajoulumieli.fi\\\/sv\\\/att-kunna-saga-jo-till-barnens-tassiga-ideer\\\/\"]}]},{\"@type\":\"ImageObject\",\"inLanguage\":\"sv-SE\",\"@id\":\"https:\\\/\\\/hyvajoulumieli.fi\\\/sv\\\/att-kunna-saga-jo-till-barnens-tassiga-ideer\\\/#primaryimage\",\"url\":\"https:\\\/\\\/hyvajoulumieli.fi\\\/wp-content\\\/uploads\\\/2017\\\/12\\\/ville_mustonen.jpg\",\"contentUrl\":\"https:\\\/\\\/hyvajoulumieli.fi\\\/wp-content\\\/uploads\\\/2017\\\/12\\\/ville_mustonen.jpg\",\"width\":3264,\"height\":1956},{\"@type\":\"BreadcrumbList\",\"@id\":\"https:\\\/\\\/hyvajoulumieli.fi\\\/sv\\\/att-kunna-saga-jo-till-barnens-tassiga-ideer\\\/#breadcrumb\",\"itemListElement\":[{\"@type\":\"ListItem\",\"position\":1,\"name\":\"Etusivu\",\"item\":\"https:\\\/\\\/hyvajoulumieli.fi\\\/sv\\\/\"},{\"@type\":\"ListItem\",\"position\":2,\"name\":\"Aktuellt\",\"item\":\"https:\\\/\\\/hyvajoulumieli.fi\\\/sv\\\/category\\\/aktuellt\\\/\"},{\"@type\":\"ListItem\",\"position\":3,\"name\":\"Att kunna s\u00e4ga jo till barnens tassiga id\u00e9er\"}]},{\"@type\":\"WebSite\",\"@id\":\"https:\\\/\\\/hyvajoulumieli.fi\\\/#website\",\"url\":\"https:\\\/\\\/hyvajoulumieli.fi\\\/\",\"name\":\"Hyv\u00e4 Joulumieli -ker\u00e4ys\",\"description\":\"Lahjoituksellasi autat v\u00e4h\u00e4varaisia lapsiperheit\u00e4. Sinun avullasi voimme jakaa ruokalahjakortteja apua tarvitseville perheille Suomessa. Hyv\u00e4 Joulumieli -lahjoitus tuo joulun.\",\"publisher\":{\"@id\":\"https:\\\/\\\/hyvajoulumieli.fi\\\/#organization\"},\"potentialAction\":[{\"@type\":\"SearchAction\",\"target\":{\"@type\":\"EntryPoint\",\"urlTemplate\":\"https:\\\/\\\/hyvajoulumieli.fi\\\/?s={search_term_string}\"},\"query-input\":{\"@type\":\"PropertyValueSpecification\",\"valueRequired\":true,\"valueName\":\"search_term_string\"}}],\"inLanguage\":\"sv-SE\"},{\"@type\":\"Organization\",\"@id\":\"https:\\\/\\\/hyvajoulumieli.fi\\\/#organization\",\"name\":\"Hyv\u00e4 Joulumieli -ker\u00e4ys\",\"url\":\"https:\\\/\\\/hyvajoulumieli.fi\\\/\",\"logo\":{\"@type\":\"ImageObject\",\"inLanguage\":\"sv-SE\",\"@id\":\"https:\\\/\\\/hyvajoulumieli.fi\\\/#\\\/schema\\\/logo\\\/image\\\/\",\"url\":\"https:\\\/\\\/hyvajoulumieli.fi\\\/wp-content\\\/uploads\\\/2024\\\/09\\\/Hyvajoulumieli_logo_valkoinen-tausta.png\",\"contentUrl\":\"https:\\\/\\\/hyvajoulumieli.fi\\\/wp-content\\\/uploads\\\/2024\\\/09\\\/Hyvajoulumieli_logo_valkoinen-tausta.png\",\"width\":295,\"height\":113,\"caption\":\"Hyv\u00e4 Joulumieli -ker\u00e4ys\"},\"image\":{\"@id\":\"https:\\\/\\\/hyvajoulumieli.fi\\\/#\\\/schema\\\/logo\\\/image\\\/\"},\"sameAs\":[\"https:\\\/\\\/www.facebook.com\\\/hyvajoulumieli\\\/\",\"https:\\\/\\\/x.com\\\/hyvajoulumieli\",\"http:\\\/\\\/@hyvajoulumieli\"]},{\"@type\":\"Person\",\"@id\":\"https:\\\/\\\/hyvajoulumieli.fi\\\/#\\\/schema\\\/person\\\/157f8ed05b48bcd527652c35771c91ee\",\"name\":\"hjm-yllapito\",\"url\":\"https:\\\/\\\/hyvajoulumieli.fi\\\/sv\\\/author\\\/hjm-yllapito\\\/\"}]}<\/script>\n<!-- \/ Yoast SEO plugin. -->","yoast_head_json":{"title":"Att kunna s\u00e4ga jo till barnens tassiga id\u00e9er - Hyv\u00e4 Joulumieli -ker\u00e4ys","robots":{"index":"index","follow":"follow","max-snippet":"max-snippet:-1","max-image-preview":"max-image-preview:large","max-video-preview":"max-video-preview:-1"},"canonical":"https:\/\/hyvajoulumieli.fi\/sv\/att-kunna-saga-jo-till-barnens-tassiga-ideer\/","og_locale":"sv_SE","og_type":"article","og_title":"Att kunna s\u00e4ga jo till barnens tassiga id\u00e9er - Hyv\u00e4 Joulumieli -ker\u00e4ys","og_description":"Ville Mustonen fr\u00e5n Tr\u00e4sk\u00e4nda fick ett Jul i Sinnet-presentkort julen 2016. Villes barn hade flyttat till honom n\u00e5gra m\u00e5nader f\u00f6re jul och han hade varit tvungen att ordna om sitt liv p\u00e5 grund av det. Han hade bland annat varit tvungen att l\u00e4mna sitt jobb. Tidigare hade Ville tr\u00e4ffat sina barn p\u00e5 veckosluten, och han ... L\u00e4s mer","og_url":"https:\/\/hyvajoulumieli.fi\/sv\/att-kunna-saga-jo-till-barnens-tassiga-ideer\/","og_site_name":"Hyv\u00e4 Joulumieli -ker\u00e4ys","article_publisher":"https:\/\/www.facebook.com\/hyvajoulumieli\/","article_published_time":"2017-12-12T07:49:51+00:00","article_modified_time":"2017-12-12T07:56:37+00:00","og_image":[{"width":3264,"height":1956,"url":"https:\/\/hyvajoulumieli.fi\/wp-content\/uploads\/2017\/12\/ville_mustonen.jpg","type":"image\/jpeg"}],"author":"hjm-yllapito","twitter_card":"summary_large_image","twitter_creator":"@hyvajoulumieli","twitter_site":"@hyvajoulumieli","twitter_misc":{"Skriven av":"hjm-yllapito","Ber\u00e4knad l\u00e4stid":"3 minuter"},"schema":{"@context":"https:\/\/schema.org","@graph":[{"@type":"Article","@id":"https:\/\/hyvajoulumieli.fi\/sv\/att-kunna-saga-jo-till-barnens-tassiga-ideer\/#article","isPartOf":{"@id":"https:\/\/hyvajoulumieli.fi\/sv\/att-kunna-saga-jo-till-barnens-tassiga-ideer\/"},"author":{"name":"hjm-yllapito","@id":"https:\/\/hyvajoulumieli.fi\/#\/schema\/person\/157f8ed05b48bcd527652c35771c91ee"},"headline":"Att kunna s\u00e4ga jo till barnens tassiga id\u00e9er","datePublished":"2017-12-12T07:49:51+00:00","dateModified":"2017-12-12T07:56:37+00:00","mainEntityOfPage":{"@id":"https:\/\/hyvajoulumieli.fi\/sv\/att-kunna-saga-jo-till-barnens-tassiga-ideer\/"},"wordCount":645,"commentCount":0,"publisher":{"@id":"https:\/\/hyvajoulumieli.fi\/#organization"},"image":{"@id":"https:\/\/hyvajoulumieli.fi\/sv\/att-kunna-saga-jo-till-barnens-tassiga-ideer\/#primaryimage"},"thumbnailUrl":"https:\/\/hyvajoulumieli.fi\/wp-content\/uploads\/2017\/12\/ville_mustonen.jpg","articleSection":["Aktuellt"],"inLanguage":"sv-SE","potentialAction":[{"@type":"CommentAction","name":"Comment","target":["https:\/\/hyvajoulumieli.fi\/sv\/att-kunna-saga-jo-till-barnens-tassiga-ideer\/#respond"]}]},{"@type":"WebPage","@id":"https:\/\/hyvajoulumieli.fi\/sv\/att-kunna-saga-jo-till-barnens-tassiga-ideer\/","url":"https:\/\/hyvajoulumieli.fi\/sv\/att-kunna-saga-jo-till-barnens-tassiga-ideer\/","name":"Att kunna s\u00e4ga jo till barnens tassiga id\u00e9er - Hyv\u00e4 Joulumieli -ker\u00e4ys","isPartOf":{"@id":"https:\/\/hyvajoulumieli.fi\/#website"},"primaryImageOfPage":{"@id":"https:\/\/hyvajoulumieli.fi\/sv\/att-kunna-saga-jo-till-barnens-tassiga-ideer\/#primaryimage"},"image":{"@id":"https:\/\/hyvajoulumieli.fi\/sv\/att-kunna-saga-jo-till-barnens-tassiga-ideer\/#primaryimage"},"thumbnailUrl":"https:\/\/hyvajoulumieli.fi\/wp-content\/uploads\/2017\/12\/ville_mustonen.jpg","datePublished":"2017-12-12T07:49:51+00:00","dateModified":"2017-12-12T07:56:37+00:00","breadcrumb":{"@id":"https:\/\/hyvajoulumieli.fi\/sv\/att-kunna-saga-jo-till-barnens-tassiga-ideer\/#breadcrumb"},"inLanguage":"sv-SE","potentialAction":[{"@type":"ReadAction","target":["https:\/\/hyvajoulumieli.fi\/sv\/att-kunna-saga-jo-till-barnens-tassiga-ideer\/"]}]},{"@type":"ImageObject","inLanguage":"sv-SE","@id":"https:\/\/hyvajoulumieli.fi\/sv\/att-kunna-saga-jo-till-barnens-tassiga-ideer\/#primaryimage","url":"https:\/\/hyvajoulumieli.fi\/wp-content\/uploads\/2017\/12\/ville_mustonen.jpg","contentUrl":"https:\/\/hyvajoulumieli.fi\/wp-content\/uploads\/2017\/12\/ville_mustonen.jpg","width":3264,"height":1956},{"@type":"BreadcrumbList","@id":"https:\/\/hyvajoulumieli.fi\/sv\/att-kunna-saga-jo-till-barnens-tassiga-ideer\/#breadcrumb","itemListElement":[{"@type":"ListItem","position":1,"name":"Etusivu","item":"https:\/\/hyvajoulumieli.fi\/sv\/"},{"@type":"ListItem","position":2,"name":"Aktuellt","item":"https:\/\/hyvajoulumieli.fi\/sv\/category\/aktuellt\/"},{"@type":"ListItem","position":3,"name":"Att kunna s\u00e4ga jo till barnens tassiga id\u00e9er"}]},{"@type":"WebSite","@id":"https:\/\/hyvajoulumieli.fi\/#website","url":"https:\/\/hyvajoulumieli.fi\/","name":"Hyv\u00e4 Joulumieli -ker\u00e4ys","description":"Lahjoituksellasi autat v\u00e4h\u00e4varaisia lapsiperheit\u00e4. Sinun avullasi voimme jakaa ruokalahjakortteja apua tarvitseville perheille Suomessa. Hyv\u00e4 Joulumieli -lahjoitus tuo joulun.","publisher":{"@id":"https:\/\/hyvajoulumieli.fi\/#organization"},"potentialAction":[{"@type":"SearchAction","target":{"@type":"EntryPoint","urlTemplate":"https:\/\/hyvajoulumieli.fi\/?s={search_term_string}"},"query-input":{"@type":"PropertyValueSpecification","valueRequired":true,"valueName":"search_term_string"}}],"inLanguage":"sv-SE"},{"@type":"Organization","@id":"https:\/\/hyvajoulumieli.fi\/#organization","name":"Hyv\u00e4 Joulumieli -ker\u00e4ys","url":"https:\/\/hyvajoulumieli.fi\/","logo":{"@type":"ImageObject","inLanguage":"sv-SE","@id":"https:\/\/hyvajoulumieli.fi\/#\/schema\/logo\/image\/","url":"https:\/\/hyvajoulumieli.fi\/wp-content\/uploads\/2024\/09\/Hyvajoulumieli_logo_valkoinen-tausta.png","contentUrl":"https:\/\/hyvajoulumieli.fi\/wp-content\/uploads\/2024\/09\/Hyvajoulumieli_logo_valkoinen-tausta.png","width":295,"height":113,"caption":"Hyv\u00e4 Joulumieli -ker\u00e4ys"},"image":{"@id":"https:\/\/hyvajoulumieli.fi\/#\/schema\/logo\/image\/"},"sameAs":["https:\/\/www.facebook.com\/hyvajoulumieli\/","https:\/\/x.com\/hyvajoulumieli","http:\/\/@hyvajoulumieli"]},{"@type":"Person","@id":"https:\/\/hyvajoulumieli.fi\/#\/schema\/person\/157f8ed05b48bcd527652c35771c91ee","name":"hjm-yllapito","url":"https:\/\/hyvajoulumieli.fi\/sv\/author\/hjm-yllapito\/"}]}},"_links":{"self":[{"href":"https:\/\/hyvajoulumieli.fi\/sv\/wp-json\/wp\/v2\/posts\/1164","targetHints":{"allow":["GET"]}}],"collection":[{"href":"https:\/\/hyvajoulumieli.fi\/sv\/wp-json\/wp\/v2\/posts"}],"about":[{"href":"https:\/\/hyvajoulumieli.fi\/sv\/wp-json\/wp\/v2\/types\/post"}],"author":[{"embeddable":true,"href":"https:\/\/hyvajoulumieli.fi\/sv\/wp-json\/wp\/v2\/users\/1"}],"replies":[{"embeddable":true,"href":"https:\/\/hyvajoulumieli.fi\/sv\/wp-json\/wp\/v2\/comments?post=1164"}],"version-history":[{"count":4,"href":"https:\/\/hyvajoulumieli.fi\/sv\/wp-json\/wp\/v2\/posts\/1164\/revisions"}],"predecessor-version":[{"id":1168,"href":"https:\/\/hyvajoulumieli.fi\/sv\/wp-json\/wp\/v2\/posts\/1164\/revisions\/1168"}],"wp:featuredmedia":[{"embeddable":true,"href":"https:\/\/hyvajoulumieli.fi\/sv\/wp-json\/wp\/v2\/media\/1160"}],"wp:attachment":[{"href":"https:\/\/hyvajoulumieli.fi\/sv\/wp-json\/wp\/v2\/media?parent=1164"}],"wp:term":[{"taxonomy":"category","embeddable":true,"href":"https:\/\/hyvajoulumieli.fi\/sv\/wp-json\/wp\/v2\/categories?post=1164"},{"taxonomy":"post_tag","embeddable":true,"href":"https:\/\/hyvajoulumieli.fi\/sv\/wp-json\/wp\/v2\/tags?post=1164"}],"curies":[{"name":"wp","href":"https:\/\/api.w.org\/{rel}","templated":true}]}}