{"id":1218,"date":"2017-12-24T07:25:48","date_gmt":"2017-12-24T05:25:48","guid":{"rendered":"https:\/\/hyvajoulumieli.fi\/?p=1218"},"modified":"2017-12-22T10:37:30","modified_gmt":"2017-12-22T08:37:30","slug":"tack-vare-jul-i-sinnet-insamlingen-kunde-vi-dela-ut-matpresentkort-till-30-000-familjer","status":"publish","type":"post","link":"https:\/\/hyvajoulumieli.fi\/sv\/tack-vare-jul-i-sinnet-insamlingen-kunde-vi-dela-ut-matpresentkort-till-30-000-familjer\/","title":{"rendered":"Tack vare Jul i sinnet -insamlingen kunde vi dela ut matpresentkort till 30 000 familjer"},"content":{"rendered":"<p>Insamlingen Jul i Sinnet ordnades f\u00f6r 21 g\u00e5ngen f\u00f6r barnfamiljer som har knappt med pengar. M\u00e5let med Mannerheims Barnskyddsf\u00f6rbunds och Finlands R\u00f6da Kors gemensamma insamling \u00e4r att v\u00e4cka diskussion om fattigdom bland barnfamiljer, eftersom vart tionde barn i Finland lever i en familj som har sm\u00e5 inkomster.<\/p>\n<p>I \u00e5r lyfte insamlingen fram de effekter som familjens ekonomiska sv\u00e5righeter har f\u00f6r de ungas liv och s\u00e4rskilt f\u00f6r deras framtid. Fattigdomen kan till och med f\u00f6rhindra att unga skaffar sig en utbildning. En del av de unga l\u00e5ter bli att s\u00f6ka sig till utbildning i andra stadiet eller tvingas att avbryta utbildningen d\u00e5 l\u00e4romaterialet \u00e4r dyrt eller skolresorna medf\u00f6r alltf\u00f6r stora kostnader. Utan examen \u00e4r det sv\u00e5rare f\u00f6r den unga att f\u00e5 jobb och d\u00e5 f\u00f6ljer fattigdomen den unga ocks\u00e5 i vuxenlivet.<\/p>\n<p>\u2013 Jag kommer inte in i den skola som jag vill eftersom jag inte v\u00e5gar be mina f\u00f6r\u00e4ldrar satsa s\u00e5 mycket pengar p\u00e5 det. Jag vet att de skulle g\u00e5 med p\u00e5 det om jag bad dem, men d\u00e5 skulle de lida av brist p\u00e5 pengar sj\u00e4lva, beskriver en ung sitt l\u00e4ge i en enk\u00e4t med vilken Mannerheims Barnskyddsf\u00f6rbund samlade in information om de ungas upplevelser om familjens brist p\u00e5 pengar.<\/p>\n<h3>Vilja att hj\u00e4lpa dem som har det s\u00e4mre<\/h3>\n<p>\u2013 Vi \u00e4r glada \u00f6ver att finl\u00e4ndarna \u00e4r beredda att hj\u00e4lpa dem som har det s\u00e4mre. Vi tackar alla donatorer, b\u00e5de privatpersoner och f\u00f6retag. Jag vill ocks\u00e5 uttrycka mitt tack till de samarbetspartner som gjorde det m\u00f6jligt f\u00f6r oss att dela ut presentkorten till familjer som beh\u00f6ver dem. Deras insats var viktig f\u00f6r ett lyckat genomf\u00f6rande av insamlingen, s\u00e4ger organisationschef <strong>Arja-Liisa Mauno<\/strong>.<\/p>\n<p>Insamlingen, som Mannerheims Barnskyddsf\u00f6rbund och Finlands R\u00f6da Kors ordnade i samarbete med Yle, genomf\u00f6rdes nu f\u00f6r 21 g\u00e5ngen. Insamlingen gl\u00e4der fattiga barnfamiljer i Finland med ett presentkort p\u00e5 70 euro. I \u00e5r utdelades sammanlagt 30\u00a0000 presentkort. Med presentkortet kan man k\u00f6pa matvaror i S-gruppens livsmedelsbutiker, K-livsmedelsbutikerna och Lidl-butikerna.<\/p>\n<p><strong><br \/>\nYtterligare information:<br \/>\n<\/strong><em>Mannerheims Barnskyddsf\u00f6rbund<\/em><br \/>\nOrganisationschef Arja-Liisa Mauno, arja-liisa.mauno(a)mll.fi, tfn 040\u00a0584 5176<br \/>\nInformat\u00f6r Eveliina Kutila, eveliina.kutila(a)mll.fi, tfn 040\u00a0580 2393<\/p>\n<p><em>Finlands R\u00f6da Kors<\/em><br \/>\nKoordinator f\u00f6r medelsanskaffningen Regina Laur\u00e9n, regina.lauren(a)punainenristi.fi, tfn 020\u00a0701 2199<\/p>\n","protected":false},"excerpt":{"rendered":"<p>Insamlingen Jul i Sinnet ordnades f\u00f6r 21 g\u00e5ngen f\u00f6r barnfamiljer som har knappt med pengar. M\u00e5let med Mannerheims Barnskyddsf\u00f6rbunds och Finlands R\u00f6da Kors gemensamma insamling \u00e4r att v\u00e4cka diskussion om fattigdom bland barnfamiljer, eftersom vart tionde barn i Finland lever i en familj som har sm\u00e5 inkomster. I \u00e5r lyfte insamlingen fram de effekter som &#8230; <a title=\"Tack vare Jul i sinnet -insamlingen kunde vi dela ut matpresentkort till 30 000 familjer\" class=\"read-more\" href=\"https:\/\/hyvajoulumieli.fi\/sv\/tack-vare-jul-i-sinnet-insamlingen-kunde-vi-dela-ut-matpresentkort-till-30-000-familjer\/\" aria-label=\"L\u00e4s mer om Tack vare Jul i sinnet -insamlingen kunde vi dela ut matpresentkort till 30 000 familjer\">L\u00e4s mer<\/a><\/p>\n","protected":false},"author":1,"featured_media":1136,"comment_status":"open","ping_status":"open","sticky":false,"template":"","format":"standard","meta":{"_acf_changed":false,"_monsterinsights_skip_tracking":false,"_monsterinsights_sitenote_active":false,"_monsterinsights_sitenote_note":"","_monsterinsights_sitenote_category":0,"footnotes":""},"categories":[5],"tags":[],"class_list":["post-1218","post","type-post","status-publish","format-standard","has-post-thumbnail","hentry","category-aktuellt"],"acf":[],"gutentor_comment":0,"yoast_head":"<!-- This site is optimized with the Yoast SEO plugin v27.5 - https:\/\/yoast.com\/product\/yoast-seo-wordpress\/ -->\n<title>Tack vare Jul i sinnet -insamlingen kunde vi dela ut matpresentkort till 30 000 familjer - Hyv\u00e4 Joulumieli -ker\u00e4ys<\/title>\n<meta name=\"robots\" content=\"index, follow, max-snippet:-1, max-image-preview:large, max-video-preview:-1\" \/>\n<link rel=\"canonical\" href=\"https:\/\/hyvajoulumieli.fi\/sv\/tack-vare-jul-i-sinnet-insamlingen-kunde-vi-dela-ut-matpresentkort-till-30-000-familjer\/\" \/>\n<meta property=\"og:locale\" content=\"sv_SE\" \/>\n<meta property=\"og:type\" content=\"article\" \/>\n<meta property=\"og:title\" content=\"Tack vare Jul i sinnet -insamlingen kunde vi dela ut matpresentkort till 30 000 familjer - Hyv\u00e4 Joulumieli -ker\u00e4ys\" \/>\n<meta property=\"og:description\" content=\"Insamlingen Jul i Sinnet ordnades f\u00f6r 21 g\u00e5ngen f\u00f6r barnfamiljer som har knappt med pengar. M\u00e5let med Mannerheims Barnskyddsf\u00f6rbunds och Finlands R\u00f6da Kors gemensamma insamling \u00e4r att v\u00e4cka diskussion om fattigdom bland barnfamiljer, eftersom vart tionde barn i Finland lever i en familj som har sm\u00e5 inkomster. I \u00e5r lyfte insamlingen fram de effekter som ... L\u00e4s mer\" \/>\n<meta property=\"og:url\" content=\"https:\/\/hyvajoulumieli.fi\/sv\/tack-vare-jul-i-sinnet-insamlingen-kunde-vi-dela-ut-matpresentkort-till-30-000-familjer\/\" \/>\n<meta property=\"og:site_name\" content=\"Hyv\u00e4 Joulumieli -ker\u00e4ys\" \/>\n<meta property=\"article:publisher\" content=\"https:\/\/www.facebook.com\/hyvajoulumieli\/\" \/>\n<meta property=\"article:published_time\" content=\"2017-12-24T05:25:48+00:00\" \/>\n<meta property=\"og:image\" content=\"https:\/\/hyvajoulumieli.fi\/wp-content\/uploads\/2017\/11\/nettisivuille1_63A1337.jpg\" \/>\n\t<meta property=\"og:image:width\" content=\"6720\" \/>\n\t<meta property=\"og:image:height\" content=\"3714\" \/>\n\t<meta property=\"og:image:type\" content=\"image\/jpeg\" \/>\n<meta name=\"author\" content=\"hjm-yllapito\" \/>\n<meta name=\"twitter:card\" content=\"summary_large_image\" \/>\n<meta name=\"twitter:creator\" content=\"@hyvajoulumieli\" \/>\n<meta name=\"twitter:site\" content=\"@hyvajoulumieli\" \/>\n<meta name=\"twitter:label1\" content=\"Skriven av\" \/>\n\t<meta name=\"twitter:data1\" content=\"hjm-yllapito\" \/>\n\t<meta name=\"twitter:label2\" content=\"Ber\u00e4knad l\u00e4stid\" \/>\n\t<meta name=\"twitter:data2\" content=\"2 minuter\" \/>\n<script type=\"application\/ld+json\" class=\"yoast-schema-graph\">{\"@context\":\"https:\\\/\\\/schema.org\",\"@graph\":[{\"@type\":\"Article\",\"@id\":\"https:\\\/\\\/hyvajoulumieli.fi\\\/sv\\\/tack-vare-jul-i-sinnet-insamlingen-kunde-vi-dela-ut-matpresentkort-till-30-000-familjer\\\/#article\",\"isPartOf\":{\"@id\":\"https:\\\/\\\/hyvajoulumieli.fi\\\/sv\\\/tack-vare-jul-i-sinnet-insamlingen-kunde-vi-dela-ut-matpresentkort-till-30-000-familjer\\\/\"},\"author\":{\"name\":\"hjm-yllapito\",\"@id\":\"https:\\\/\\\/hyvajoulumieli.fi\\\/#\\\/schema\\\/person\\\/157f8ed05b48bcd527652c35771c91ee\"},\"headline\":\"Tack vare Jul i sinnet -insamlingen kunde vi dela ut matpresentkort till 30 000 familjer\",\"datePublished\":\"2017-12-24T05:25:48+00:00\",\"mainEntityOfPage\":{\"@id\":\"https:\\\/\\\/hyvajoulumieli.fi\\\/sv\\\/tack-vare-jul-i-sinnet-insamlingen-kunde-vi-dela-ut-matpresentkort-till-30-000-familjer\\\/\"},\"wordCount\":414,\"commentCount\":0,\"publisher\":{\"@id\":\"https:\\\/\\\/hyvajoulumieli.fi\\\/#organization\"},\"image\":{\"@id\":\"https:\\\/\\\/hyvajoulumieli.fi\\\/sv\\\/tack-vare-jul-i-sinnet-insamlingen-kunde-vi-dela-ut-matpresentkort-till-30-000-familjer\\\/#primaryimage\"},\"thumbnailUrl\":\"https:\\\/\\\/hyvajoulumieli.fi\\\/wp-content\\\/uploads\\\/2017\\\/11\\\/nettisivuille1_63A1337.jpg\",\"articleSection\":[\"Aktuellt\"],\"inLanguage\":\"sv-SE\",\"potentialAction\":[{\"@type\":\"CommentAction\",\"name\":\"Comment\",\"target\":[\"https:\\\/\\\/hyvajoulumieli.fi\\\/sv\\\/tack-vare-jul-i-sinnet-insamlingen-kunde-vi-dela-ut-matpresentkort-till-30-000-familjer\\\/#respond\"]}]},{\"@type\":\"WebPage\",\"@id\":\"https:\\\/\\\/hyvajoulumieli.fi\\\/sv\\\/tack-vare-jul-i-sinnet-insamlingen-kunde-vi-dela-ut-matpresentkort-till-30-000-familjer\\\/\",\"url\":\"https:\\\/\\\/hyvajoulumieli.fi\\\/sv\\\/tack-vare-jul-i-sinnet-insamlingen-kunde-vi-dela-ut-matpresentkort-till-30-000-familjer\\\/\",\"name\":\"Tack vare Jul i sinnet -insamlingen kunde vi dela ut matpresentkort till 30 000 familjer - Hyv\u00e4 Joulumieli -ker\u00e4ys\",\"isPartOf\":{\"@id\":\"https:\\\/\\\/hyvajoulumieli.fi\\\/#website\"},\"primaryImageOfPage\":{\"@id\":\"https:\\\/\\\/hyvajoulumieli.fi\\\/sv\\\/tack-vare-jul-i-sinnet-insamlingen-kunde-vi-dela-ut-matpresentkort-till-30-000-familjer\\\/#primaryimage\"},\"image\":{\"@id\":\"https:\\\/\\\/hyvajoulumieli.fi\\\/sv\\\/tack-vare-jul-i-sinnet-insamlingen-kunde-vi-dela-ut-matpresentkort-till-30-000-familjer\\\/#primaryimage\"},\"thumbnailUrl\":\"https:\\\/\\\/hyvajoulumieli.fi\\\/wp-content\\\/uploads\\\/2017\\\/11\\\/nettisivuille1_63A1337.jpg\",\"datePublished\":\"2017-12-24T05:25:48+00:00\",\"breadcrumb\":{\"@id\":\"https:\\\/\\\/hyvajoulumieli.fi\\\/sv\\\/tack-vare-jul-i-sinnet-insamlingen-kunde-vi-dela-ut-matpresentkort-till-30-000-familjer\\\/#breadcrumb\"},\"inLanguage\":\"sv-SE\",\"potentialAction\":[{\"@type\":\"ReadAction\",\"target\":[\"https:\\\/\\\/hyvajoulumieli.fi\\\/sv\\\/tack-vare-jul-i-sinnet-insamlingen-kunde-vi-dela-ut-matpresentkort-till-30-000-familjer\\\/\"]}]},{\"@type\":\"ImageObject\",\"inLanguage\":\"sv-SE\",\"@id\":\"https:\\\/\\\/hyvajoulumieli.fi\\\/sv\\\/tack-vare-jul-i-sinnet-insamlingen-kunde-vi-dela-ut-matpresentkort-till-30-000-familjer\\\/#primaryimage\",\"url\":\"https:\\\/\\\/hyvajoulumieli.fi\\\/wp-content\\\/uploads\\\/2017\\\/11\\\/nettisivuille1_63A1337.jpg\",\"contentUrl\":\"https:\\\/\\\/hyvajoulumieli.fi\\\/wp-content\\\/uploads\\\/2017\\\/11\\\/nettisivuille1_63A1337.jpg\",\"width\":6720,\"height\":3714},{\"@type\":\"BreadcrumbList\",\"@id\":\"https:\\\/\\\/hyvajoulumieli.fi\\\/sv\\\/tack-vare-jul-i-sinnet-insamlingen-kunde-vi-dela-ut-matpresentkort-till-30-000-familjer\\\/#breadcrumb\",\"itemListElement\":[{\"@type\":\"ListItem\",\"position\":1,\"name\":\"Etusivu\",\"item\":\"https:\\\/\\\/hyvajoulumieli.fi\\\/sv\\\/\"},{\"@type\":\"ListItem\",\"position\":2,\"name\":\"Aktuellt\",\"item\":\"https:\\\/\\\/hyvajoulumieli.fi\\\/sv\\\/category\\\/aktuellt\\\/\"},{\"@type\":\"ListItem\",\"position\":3,\"name\":\"Tack vare Jul i sinnet -insamlingen kunde vi dela ut matpresentkort till 30 000 familjer\"}]},{\"@type\":\"WebSite\",\"@id\":\"https:\\\/\\\/hyvajoulumieli.fi\\\/#website\",\"url\":\"https:\\\/\\\/hyvajoulumieli.fi\\\/\",\"name\":\"Hyv\u00e4 Joulumieli -ker\u00e4ys\",\"description\":\"Lahjoituksellasi autat v\u00e4h\u00e4varaisia lapsiperheit\u00e4. Sinun avullasi voimme jakaa ruokalahjakortteja apua tarvitseville perheille Suomessa. Hyv\u00e4 Joulumieli -lahjoitus tuo joulun.\",\"publisher\":{\"@id\":\"https:\\\/\\\/hyvajoulumieli.fi\\\/#organization\"},\"potentialAction\":[{\"@type\":\"SearchAction\",\"target\":{\"@type\":\"EntryPoint\",\"urlTemplate\":\"https:\\\/\\\/hyvajoulumieli.fi\\\/?s={search_term_string}\"},\"query-input\":{\"@type\":\"PropertyValueSpecification\",\"valueRequired\":true,\"valueName\":\"search_term_string\"}}],\"inLanguage\":\"sv-SE\"},{\"@type\":\"Organization\",\"@id\":\"https:\\\/\\\/hyvajoulumieli.fi\\\/#organization\",\"name\":\"Hyv\u00e4 Joulumieli -ker\u00e4ys\",\"url\":\"https:\\\/\\\/hyvajoulumieli.fi\\\/\",\"logo\":{\"@type\":\"ImageObject\",\"inLanguage\":\"sv-SE\",\"@id\":\"https:\\\/\\\/hyvajoulumieli.fi\\\/#\\\/schema\\\/logo\\\/image\\\/\",\"url\":\"https:\\\/\\\/hyvajoulumieli.fi\\\/wp-content\\\/uploads\\\/2024\\\/09\\\/Hyvajoulumieli_logo_valkoinen-tausta.png\",\"contentUrl\":\"https:\\\/\\\/hyvajoulumieli.fi\\\/wp-content\\\/uploads\\\/2024\\\/09\\\/Hyvajoulumieli_logo_valkoinen-tausta.png\",\"width\":295,\"height\":113,\"caption\":\"Hyv\u00e4 Joulumieli -ker\u00e4ys\"},\"image\":{\"@id\":\"https:\\\/\\\/hyvajoulumieli.fi\\\/#\\\/schema\\\/logo\\\/image\\\/\"},\"sameAs\":[\"https:\\\/\\\/www.facebook.com\\\/hyvajoulumieli\\\/\",\"https:\\\/\\\/x.com\\\/hyvajoulumieli\",\"http:\\\/\\\/@hyvajoulumieli\"]},{\"@type\":\"Person\",\"@id\":\"https:\\\/\\\/hyvajoulumieli.fi\\\/#\\\/schema\\\/person\\\/157f8ed05b48bcd527652c35771c91ee\",\"name\":\"hjm-yllapito\",\"url\":\"https:\\\/\\\/hyvajoulumieli.fi\\\/sv\\\/author\\\/hjm-yllapito\\\/\"}]}<\/script>\n<!-- \/ Yoast SEO plugin. -->","yoast_head_json":{"title":"Tack vare Jul i sinnet -insamlingen kunde vi dela ut matpresentkort till 30 000 familjer - Hyv\u00e4 Joulumieli -ker\u00e4ys","robots":{"index":"index","follow":"follow","max-snippet":"max-snippet:-1","max-image-preview":"max-image-preview:large","max-video-preview":"max-video-preview:-1"},"canonical":"https:\/\/hyvajoulumieli.fi\/sv\/tack-vare-jul-i-sinnet-insamlingen-kunde-vi-dela-ut-matpresentkort-till-30-000-familjer\/","og_locale":"sv_SE","og_type":"article","og_title":"Tack vare Jul i sinnet -insamlingen kunde vi dela ut matpresentkort till 30 000 familjer - Hyv\u00e4 Joulumieli -ker\u00e4ys","og_description":"Insamlingen Jul i Sinnet ordnades f\u00f6r 21 g\u00e5ngen f\u00f6r barnfamiljer som har knappt med pengar. M\u00e5let med Mannerheims Barnskyddsf\u00f6rbunds och Finlands R\u00f6da Kors gemensamma insamling \u00e4r att v\u00e4cka diskussion om fattigdom bland barnfamiljer, eftersom vart tionde barn i Finland lever i en familj som har sm\u00e5 inkomster. I \u00e5r lyfte insamlingen fram de effekter som ... L\u00e4s mer","og_url":"https:\/\/hyvajoulumieli.fi\/sv\/tack-vare-jul-i-sinnet-insamlingen-kunde-vi-dela-ut-matpresentkort-till-30-000-familjer\/","og_site_name":"Hyv\u00e4 Joulumieli -ker\u00e4ys","article_publisher":"https:\/\/www.facebook.com\/hyvajoulumieli\/","article_published_time":"2017-12-24T05:25:48+00:00","og_image":[{"width":6720,"height":3714,"url":"https:\/\/hyvajoulumieli.fi\/wp-content\/uploads\/2017\/11\/nettisivuille1_63A1337.jpg","type":"image\/jpeg"}],"author":"hjm-yllapito","twitter_card":"summary_large_image","twitter_creator":"@hyvajoulumieli","twitter_site":"@hyvajoulumieli","twitter_misc":{"Skriven av":"hjm-yllapito","Ber\u00e4knad l\u00e4stid":"2 minuter"},"schema":{"@context":"https:\/\/schema.org","@graph":[{"@type":"Article","@id":"https:\/\/hyvajoulumieli.fi\/sv\/tack-vare-jul-i-sinnet-insamlingen-kunde-vi-dela-ut-matpresentkort-till-30-000-familjer\/#article","isPartOf":{"@id":"https:\/\/hyvajoulumieli.fi\/sv\/tack-vare-jul-i-sinnet-insamlingen-kunde-vi-dela-ut-matpresentkort-till-30-000-familjer\/"},"author":{"name":"hjm-yllapito","@id":"https:\/\/hyvajoulumieli.fi\/#\/schema\/person\/157f8ed05b48bcd527652c35771c91ee"},"headline":"Tack vare Jul i sinnet -insamlingen kunde vi dela ut matpresentkort till 30 000 familjer","datePublished":"2017-12-24T05:25:48+00:00","mainEntityOfPage":{"@id":"https:\/\/hyvajoulumieli.fi\/sv\/tack-vare-jul-i-sinnet-insamlingen-kunde-vi-dela-ut-matpresentkort-till-30-000-familjer\/"},"wordCount":414,"commentCount":0,"publisher":{"@id":"https:\/\/hyvajoulumieli.fi\/#organization"},"image":{"@id":"https:\/\/hyvajoulumieli.fi\/sv\/tack-vare-jul-i-sinnet-insamlingen-kunde-vi-dela-ut-matpresentkort-till-30-000-familjer\/#primaryimage"},"thumbnailUrl":"https:\/\/hyvajoulumieli.fi\/wp-content\/uploads\/2017\/11\/nettisivuille1_63A1337.jpg","articleSection":["Aktuellt"],"inLanguage":"sv-SE","potentialAction":[{"@type":"CommentAction","name":"Comment","target":["https:\/\/hyvajoulumieli.fi\/sv\/tack-vare-jul-i-sinnet-insamlingen-kunde-vi-dela-ut-matpresentkort-till-30-000-familjer\/#respond"]}]},{"@type":"WebPage","@id":"https:\/\/hyvajoulumieli.fi\/sv\/tack-vare-jul-i-sinnet-insamlingen-kunde-vi-dela-ut-matpresentkort-till-30-000-familjer\/","url":"https:\/\/hyvajoulumieli.fi\/sv\/tack-vare-jul-i-sinnet-insamlingen-kunde-vi-dela-ut-matpresentkort-till-30-000-familjer\/","name":"Tack vare Jul i sinnet -insamlingen kunde vi dela ut matpresentkort till 30 000 familjer - Hyv\u00e4 Joulumieli -ker\u00e4ys","isPartOf":{"@id":"https:\/\/hyvajoulumieli.fi\/#website"},"primaryImageOfPage":{"@id":"https:\/\/hyvajoulumieli.fi\/sv\/tack-vare-jul-i-sinnet-insamlingen-kunde-vi-dela-ut-matpresentkort-till-30-000-familjer\/#primaryimage"},"image":{"@id":"https:\/\/hyvajoulumieli.fi\/sv\/tack-vare-jul-i-sinnet-insamlingen-kunde-vi-dela-ut-matpresentkort-till-30-000-familjer\/#primaryimage"},"thumbnailUrl":"https:\/\/hyvajoulumieli.fi\/wp-content\/uploads\/2017\/11\/nettisivuille1_63A1337.jpg","datePublished":"2017-12-24T05:25:48+00:00","breadcrumb":{"@id":"https:\/\/hyvajoulumieli.fi\/sv\/tack-vare-jul-i-sinnet-insamlingen-kunde-vi-dela-ut-matpresentkort-till-30-000-familjer\/#breadcrumb"},"inLanguage":"sv-SE","potentialAction":[{"@type":"ReadAction","target":["https:\/\/hyvajoulumieli.fi\/sv\/tack-vare-jul-i-sinnet-insamlingen-kunde-vi-dela-ut-matpresentkort-till-30-000-familjer\/"]}]},{"@type":"ImageObject","inLanguage":"sv-SE","@id":"https:\/\/hyvajoulumieli.fi\/sv\/tack-vare-jul-i-sinnet-insamlingen-kunde-vi-dela-ut-matpresentkort-till-30-000-familjer\/#primaryimage","url":"https:\/\/hyvajoulumieli.fi\/wp-content\/uploads\/2017\/11\/nettisivuille1_63A1337.jpg","contentUrl":"https:\/\/hyvajoulumieli.fi\/wp-content\/uploads\/2017\/11\/nettisivuille1_63A1337.jpg","width":6720,"height":3714},{"@type":"BreadcrumbList","@id":"https:\/\/hyvajoulumieli.fi\/sv\/tack-vare-jul-i-sinnet-insamlingen-kunde-vi-dela-ut-matpresentkort-till-30-000-familjer\/#breadcrumb","itemListElement":[{"@type":"ListItem","position":1,"name":"Etusivu","item":"https:\/\/hyvajoulumieli.fi\/sv\/"},{"@type":"ListItem","position":2,"name":"Aktuellt","item":"https:\/\/hyvajoulumieli.fi\/sv\/category\/aktuellt\/"},{"@type":"ListItem","position":3,"name":"Tack vare Jul i sinnet -insamlingen kunde vi dela ut matpresentkort till 30 000 familjer"}]},{"@type":"WebSite","@id":"https:\/\/hyvajoulumieli.fi\/#website","url":"https:\/\/hyvajoulumieli.fi\/","name":"Hyv\u00e4 Joulumieli -ker\u00e4ys","description":"Lahjoituksellasi autat v\u00e4h\u00e4varaisia lapsiperheit\u00e4. Sinun avullasi voimme jakaa ruokalahjakortteja apua tarvitseville perheille Suomessa. Hyv\u00e4 Joulumieli -lahjoitus tuo joulun.","publisher":{"@id":"https:\/\/hyvajoulumieli.fi\/#organization"},"potentialAction":[{"@type":"SearchAction","target":{"@type":"EntryPoint","urlTemplate":"https:\/\/hyvajoulumieli.fi\/?s={search_term_string}"},"query-input":{"@type":"PropertyValueSpecification","valueRequired":true,"valueName":"search_term_string"}}],"inLanguage":"sv-SE"},{"@type":"Organization","@id":"https:\/\/hyvajoulumieli.fi\/#organization","name":"Hyv\u00e4 Joulumieli -ker\u00e4ys","url":"https:\/\/hyvajoulumieli.fi\/","logo":{"@type":"ImageObject","inLanguage":"sv-SE","@id":"https:\/\/hyvajoulumieli.fi\/#\/schema\/logo\/image\/","url":"https:\/\/hyvajoulumieli.fi\/wp-content\/uploads\/2024\/09\/Hyvajoulumieli_logo_valkoinen-tausta.png","contentUrl":"https:\/\/hyvajoulumieli.fi\/wp-content\/uploads\/2024\/09\/Hyvajoulumieli_logo_valkoinen-tausta.png","width":295,"height":113,"caption":"Hyv\u00e4 Joulumieli -ker\u00e4ys"},"image":{"@id":"https:\/\/hyvajoulumieli.fi\/#\/schema\/logo\/image\/"},"sameAs":["https:\/\/www.facebook.com\/hyvajoulumieli\/","https:\/\/x.com\/hyvajoulumieli","http:\/\/@hyvajoulumieli"]},{"@type":"Person","@id":"https:\/\/hyvajoulumieli.fi\/#\/schema\/person\/157f8ed05b48bcd527652c35771c91ee","name":"hjm-yllapito","url":"https:\/\/hyvajoulumieli.fi\/sv\/author\/hjm-yllapito\/"}]}},"_links":{"self":[{"href":"https:\/\/hyvajoulumieli.fi\/sv\/wp-json\/wp\/v2\/posts\/1218","targetHints":{"allow":["GET"]}}],"collection":[{"href":"https:\/\/hyvajoulumieli.fi\/sv\/wp-json\/wp\/v2\/posts"}],"about":[{"href":"https:\/\/hyvajoulumieli.fi\/sv\/wp-json\/wp\/v2\/types\/post"}],"author":[{"embeddable":true,"href":"https:\/\/hyvajoulumieli.fi\/sv\/wp-json\/wp\/v2\/users\/1"}],"replies":[{"embeddable":true,"href":"https:\/\/hyvajoulumieli.fi\/sv\/wp-json\/wp\/v2\/comments?post=1218"}],"version-history":[{"count":1,"href":"https:\/\/hyvajoulumieli.fi\/sv\/wp-json\/wp\/v2\/posts\/1218\/revisions"}],"predecessor-version":[{"id":1219,"href":"https:\/\/hyvajoulumieli.fi\/sv\/wp-json\/wp\/v2\/posts\/1218\/revisions\/1219"}],"wp:featuredmedia":[{"embeddable":true,"href":"https:\/\/hyvajoulumieli.fi\/sv\/wp-json\/wp\/v2\/media\/1136"}],"wp:attachment":[{"href":"https:\/\/hyvajoulumieli.fi\/sv\/wp-json\/wp\/v2\/media?parent=1218"}],"wp:term":[{"taxonomy":"category","embeddable":true,"href":"https:\/\/hyvajoulumieli.fi\/sv\/wp-json\/wp\/v2\/categories?post=1218"},{"taxonomy":"post_tag","embeddable":true,"href":"https:\/\/hyvajoulumieli.fi\/sv\/wp-json\/wp\/v2\/tags?post=1218"}],"curies":[{"name":"wp","href":"https:\/\/api.w.org\/{rel}","templated":true}]}}