{"id":1840,"date":"2019-11-22T15:07:24","date_gmt":"2019-11-22T13:07:24","guid":{"rendered":"https:\/\/hyvajoulumieli.fi\/?p=1840"},"modified":"2020-05-20T16:16:00","modified_gmt":"2020-05-20T13:16:00","slug":"jul-i-sinnet-insamlingen-startade-pa-helsingfors-jarnvagsstation","status":"publish","type":"post","link":"https:\/\/hyvajoulumieli.fi\/sv\/jul-i-sinnet-insamlingen-startade-pa-helsingfors-jarnvagsstation\/","title":{"rendered":"Jul i Sinnet-insamlingen startade p\u00e5 Helsingfors j\u00e4rnv\u00e4gsstation"},"content":{"rendered":"\n<p><strong>R\u00f6da Korsets och Mannerheims Barnskyddsf\u00f6rbunds\nkampanj Jul i Sinnet f\u00f6r att hj\u00e4lpa mindre bemedlade barnfamiljer \u00f6ppnades idag\ntorsdag p\u00e5 Helsingfors j\u00e4rnv\u00e4gsstation. Insamlingen p\u00e5g\u00e5r fram till julafton.<\/strong><\/p>\n\n\n\n<p>T\u00e4ckjackekl\u00e4dda <strong>Minna\nD\u00e4pp <\/strong>vallar en skara barn med gl\u00f6ggmuggar i h\u00e4nderna p\u00e5 Helsingfors\nj\u00e4rnv\u00e4gsstation. <\/p>\n\n\n\n<p>&#8211; Hej d\u00e4r \u00e4r <strong>Saara Aalto! <\/strong>ropar ett av barnen. <\/p>\n\n\n\n<figure class=\"wp-block-image size-large\"><img loading=\"lazy\" decoding=\"async\" width=\"800\" height=\"533\" src=\"data:image\/gif;base64,R0lGODlhAQABAAAAACH5BAEKAAEALAAAAAABAAEAAAICTAEAOw==\" alt=\"\" class=\"wp-image-1824 lazyload\" sizes=\"auto, (max-width: 800px) 100vw, 800px\" data-src=\"https:\/\/hyvajoulumieli.fi\/wp-content\/uploads\/2019\/11\/21-11-2019_BS_HJM_004-HJMsivut_800x533.jpg\" data-srcset=\"https:\/\/hyvajoulumieli.fi\/wp-content\/uploads\/2019\/11\/21-11-2019_BS_HJM_004-HJMsivut_800x533.jpg 800w, https:\/\/hyvajoulumieli.fi\/wp-content\/uploads\/2019\/11\/21-11-2019_BS_HJM_004-HJMsivut_800x533-300x200.jpg 300w, https:\/\/hyvajoulumieli.fi\/wp-content\/uploads\/2019\/11\/21-11-2019_BS_HJM_004-HJMsivut_800x533-768x512.jpg 768w\"><\/figure>\n\n\n\n<p>Huvudartisten vid\n\u00f6ppningen av Jul i Sinnet har nyss sjungit sina f\u00f6rsta s\u00e5nger f\u00f6r publiken.\nD\u00e4pp, som tillsammans med barnen \u00e4r p\u00e5 v\u00e4g till jobb och skola, stannar upp en\nstund f\u00f6r att lyssna p\u00e5 musiken och l\u00e4mna ett bidrag i insamlingsb\u00f6ssan. <\/p>\n\n\n\n<p>&#8211; Ocks\u00e5 i Finland\nfinns det m\u00e4nniskor som beh\u00f6ver hj\u00e4lp. Man ska hj\u00e4lpa, n\u00e4r man kan \u2013 d\u00e5 m\u00e5r man\nocks\u00e5 sj\u00e4lv bra, s\u00e4ger D\u00e4pp leende medan barnen mumsar p\u00e5 pepparkakor.<\/p>\n\n\n\n<p>&#8211; Jag \u00e4r en\njulm\u00e4nniska och hoppas naturligtvis att precis varje barn ska f\u00e5 jul i sinnet. <\/p>\n\n\n\n<p>Med int\u00e4kterna av R\u00f6da Korsets och Mannerheims Barnskyddsf\u00f6rbunds gemensamma insamling Jul i Sinnet skaffas sammanlagt 28&nbsp;000 matk\u00f6pkort till mindre bemedlade barnfamiljer f\u00f6r att alla hem ska ha r\u00e5d till en julm\u00e5ltid. <\/p>\n\n\n\n<figure class=\"wp-block-image size-large\"><img loading=\"lazy\" decoding=\"async\" width=\"800\" height=\"533\" src=\"data:image\/gif;base64,R0lGODlhAQABAAAAACH5BAEKAAEALAAAAAABAAEAAAICTAEAOw==\" alt=\"\" class=\"wp-image-1836 lazyload\" sizes=\"auto, (max-width: 800px) 100vw, 800px\" data-src=\"https:\/\/hyvajoulumieli.fi\/wp-content\/uploads\/2019\/11\/21-11-2019_BS_HJM_018-HJMsivut-800x533.jpg\" data-srcset=\"https:\/\/hyvajoulumieli.fi\/wp-content\/uploads\/2019\/11\/21-11-2019_BS_HJM_018-HJMsivut-800x533.jpg 800w, https:\/\/hyvajoulumieli.fi\/wp-content\/uploads\/2019\/11\/21-11-2019_BS_HJM_018-HJMsivut-800x533-300x200.jpg 300w, https:\/\/hyvajoulumieli.fi\/wp-content\/uploads\/2019\/11\/21-11-2019_BS_HJM_018-HJMsivut-800x533-768x512.jpg 768w\"><figcaption>.<\/figcaption><\/figure>\n\n\n\n<p><strong>Mindre bemedlade familjers vardag lyfts fram<\/strong><\/p>\n\n\n\n<p><strong>Liisa Partio <\/strong>fr\u00e5n Mannerheims Barnskyddsf\u00f6rbund st\u00e5r p\u00e5\nstationen med en insamlingsb\u00f6ssa i handen. Hon gl\u00e4der sig \u00f6ver varje m\u00e4nniska\nsom stannar upp vid henne. <\/p>\n\n\n\n<p>&#8211; Syftet med Jul i Sinnet-kampanjen \u00e4r ut\u00f6ver matk\u00f6pkorten ocks\u00e5 att lyfta fram barnfamiljsfattigdomen. N\u00e4r det g\u00e5r riktigt bra f\u00f6r en stor del av m\u00e4nniskorna, \u00e4r det allt f\u00e4rre som har erfarenhet och f\u00f6rst\u00e5else f\u00f6r vad fattigdom i vardagen p\u00e5 riktigt inneb\u00e4r. Det \u00e4r organisationernas uppgift att lyfta fram den. <\/p>\n\n\n\n<figure class=\"wp-block-image size-large\"><img loading=\"lazy\" decoding=\"async\" width=\"800\" height=\"533\" src=\"data:image\/gif;base64,R0lGODlhAQABAAAAACH5BAEKAAEALAAAAAABAAEAAAICTAEAOw==\" alt=\"\" class=\"wp-image-1830 lazyload\" sizes=\"auto, (max-width: 800px) 100vw, 800px\" data-src=\"https:\/\/hyvajoulumieli.fi\/wp-content\/uploads\/2019\/11\/21-11-2019_BS_HJM_014-HJMsivut-800x533.jpg\" data-srcset=\"https:\/\/hyvajoulumieli.fi\/wp-content\/uploads\/2019\/11\/21-11-2019_BS_HJM_014-HJMsivut-800x533.jpg 800w, https:\/\/hyvajoulumieli.fi\/wp-content\/uploads\/2019\/11\/21-11-2019_BS_HJM_014-HJMsivut-800x533-300x200.jpg 300w, https:\/\/hyvajoulumieli.fi\/wp-content\/uploads\/2019\/11\/21-11-2019_BS_HJM_014-HJMsivut-800x533-768x512.jpg 768w\"><\/figure>\n\n\n\n<p>Chefen f\u00f6r R\u00f6da\nKorsets verksamhet De ungas skyddshus <strong>Leena Suurp\u00e4\u00e4 <\/strong>\u00e4r av samma \u00e5sikt. <\/p>\n\n\n\n<p>&#8211; Vi kan st\u00e4rka\nk\u00e4nslan av att alla m\u00e4nniskor \u00e4r v\u00e4rdefulla samh\u00e4llsmedlemmar oberoende av\nbakgrund. Trots att de egna resurserna \u00e4r sm\u00e5 kan man vara med i\norganisationerna, inte bara som hj\u00e4lpmottagare utan ocks\u00e5 som hj\u00e4lpare,\np\u00e5minner Suurp\u00e4\u00e4. <\/p>\n\n\n\n<p>Enligt Suurp\u00e4\u00e4 och Partio \u00e4r det viktigt att skapa st\u00e4llen, d\u00e4r man kan vara sig sj\u00e4lv och m\u00f6ta andra utan ett tryck p\u00e5 att konsumera. S\u00e5dana st\u00e4llen \u00e4r till exempel R\u00f6da Korsets De ungas skyddshus och Mannerheims Barnskyddsf\u00f6rbunds familjekaf\u00e9er, dit alla \u00e4r v\u00e4lkomna och d\u00e4r man f\u00e5r hj\u00e4lp med olika problem i vardagen. <\/p>\n\n\n\n<figure class=\"wp-block-image size-large\"><img loading=\"lazy\" decoding=\"async\" width=\"800\" height=\"533\" src=\"data:image\/gif;base64,R0lGODlhAQABAAAAACH5BAEKAAEALAAAAAABAAEAAAICTAEAOw==\" alt=\"\" class=\"wp-image-1833 lazyload\" sizes=\"auto, (max-width: 800px) 100vw, 800px\" data-src=\"https:\/\/hyvajoulumieli.fi\/wp-content\/uploads\/2019\/11\/21-11-2019_BS_HJM_017-HJMsivut-8080x533.jpg\" data-srcset=\"https:\/\/hyvajoulumieli.fi\/wp-content\/uploads\/2019\/11\/21-11-2019_BS_HJM_017-HJMsivut-8080x533.jpg 800w, https:\/\/hyvajoulumieli.fi\/wp-content\/uploads\/2019\/11\/21-11-2019_BS_HJM_017-HJMsivut-8080x533-300x200.jpg 300w, https:\/\/hyvajoulumieli.fi\/wp-content\/uploads\/2019\/11\/21-11-2019_BS_HJM_017-HJMsivut-8080x533-768x512.jpg 768w\"><\/figure>\n\n\n\n<p><strong>Insamlingen p\u00e5g\u00e5r fram till julafton<\/strong><\/p>\n\n\n\n<p>Insamlingen Jul i Sinnet,\nsom startade idag, p\u00e5g\u00e5r fram till julafton. Med int\u00e4kterna av insamlingen\nskaffas matk\u00f6pkort p\u00e5 70 euro, vilka delas ut till mindre bemedlade\nbarnfamiljer runt om i Finland.<\/p>\n\n\n\n<p>Delta i insamlingen:<\/p>\n\n\n\n<p><a href=\"https:\/\/donation.securycast.com\/hjm?lang=se\">Donera som privatperson<\/a><\/p>\n\n\n\n<p><a href=\"https:\/\/hyvajoulumieli.fi\/sv\/foretagsdonationer\/\">F\u00f6retagsdonationer<\/a><\/p>\n\n\n\n<p><\/p>\n","protected":false},"excerpt":{"rendered":"<p>R\u00f6da Korsets och Mannerheims Barnskyddsf\u00f6rbunds kampanj Jul i Sinnet f\u00f6r att hj\u00e4lpa mindre bemedlade barnfamiljer \u00f6ppnades idag torsdag p\u00e5 Helsingfors j\u00e4rnv\u00e4gsstation. Insamlingen p\u00e5g\u00e5r fram till julafton. T\u00e4ckjackekl\u00e4dda Minna D\u00e4pp vallar en skara barn med gl\u00f6ggmuggar i h\u00e4nderna p\u00e5 Helsingfors j\u00e4rnv\u00e4gsstation. &#8211; Hej d\u00e4r \u00e4r Saara Aalto! ropar ett av barnen. Huvudartisten vid \u00f6ppningen av Jul &#8230; <a title=\"Jul i Sinnet-insamlingen startade p\u00e5 Helsingfors j\u00e4rnv\u00e4gsstation\" class=\"read-more\" href=\"https:\/\/hyvajoulumieli.fi\/sv\/jul-i-sinnet-insamlingen-startade-pa-helsingfors-jarnvagsstation\/\" aria-label=\"L\u00e4s mer om Jul i Sinnet-insamlingen startade p\u00e5 Helsingfors j\u00e4rnv\u00e4gsstation\">L\u00e4s mer<\/a><\/p>\n","protected":false},"author":1,"featured_media":1830,"comment_status":"closed","ping_status":"open","sticky":false,"template":"","format":"standard","meta":{"_acf_changed":false,"_monsterinsights_skip_tracking":false,"_monsterinsights_sitenote_active":false,"_monsterinsights_sitenote_note":"","_monsterinsights_sitenote_category":0,"footnotes":""},"categories":[5],"tags":[],"class_list":["post-1840","post","type-post","status-publish","format-standard","has-post-thumbnail","hentry","category-aktuellt"],"acf":[],"gutentor_comment":0,"yoast_head":"<!-- This site is optimized with the Yoast SEO plugin v27.5 - https:\/\/yoast.com\/product\/yoast-seo-wordpress\/ -->\n<title>Jul i Sinnet-insamlingen startade p\u00e5 Helsingfors j\u00e4rnv\u00e4gsstation - Hyv\u00e4 Joulumieli -ker\u00e4ys<\/title>\n<meta name=\"robots\" content=\"index, follow, max-snippet:-1, max-image-preview:large, max-video-preview:-1\" \/>\n<link rel=\"canonical\" href=\"https:\/\/hyvajoulumieli.fi\/sv\/jul-i-sinnet-insamlingen-startade-pa-helsingfors-jarnvagsstation\/\" \/>\n<meta property=\"og:locale\" content=\"sv_SE\" \/>\n<meta property=\"og:type\" content=\"article\" \/>\n<meta property=\"og:title\" content=\"Jul i Sinnet-insamlingen startade p\u00e5 Helsingfors j\u00e4rnv\u00e4gsstation - Hyv\u00e4 Joulumieli -ker\u00e4ys\" \/>\n<meta property=\"og:description\" content=\"R\u00f6da Korsets och Mannerheims Barnskyddsf\u00f6rbunds kampanj Jul i Sinnet f\u00f6r att hj\u00e4lpa mindre bemedlade barnfamiljer \u00f6ppnades idag torsdag p\u00e5 Helsingfors j\u00e4rnv\u00e4gsstation. Insamlingen p\u00e5g\u00e5r fram till julafton. T\u00e4ckjackekl\u00e4dda Minna D\u00e4pp vallar en skara barn med gl\u00f6ggmuggar i h\u00e4nderna p\u00e5 Helsingfors j\u00e4rnv\u00e4gsstation. &#8211; Hej d\u00e4r \u00e4r Saara Aalto! ropar ett av barnen. Huvudartisten vid \u00f6ppningen av Jul ... L\u00e4s mer\" \/>\n<meta property=\"og:url\" content=\"https:\/\/hyvajoulumieli.fi\/sv\/jul-i-sinnet-insamlingen-startade-pa-helsingfors-jarnvagsstation\/\" \/>\n<meta property=\"og:site_name\" content=\"Hyv\u00e4 Joulumieli -ker\u00e4ys\" \/>\n<meta property=\"article:publisher\" content=\"https:\/\/www.facebook.com\/hyvajoulumieli\/\" \/>\n<meta property=\"article:published_time\" content=\"2019-11-22T13:07:24+00:00\" \/>\n<meta property=\"article:modified_time\" content=\"2020-05-20T13:16:00+00:00\" \/>\n<meta property=\"og:image\" content=\"https:\/\/hyvajoulumieli.fi\/wp-content\/uploads\/2019\/11\/21-11-2019_BS_HJM_014-HJMsivut-800x533.jpg\" \/>\n\t<meta property=\"og:image:width\" content=\"800\" \/>\n\t<meta property=\"og:image:height\" content=\"533\" \/>\n\t<meta property=\"og:image:type\" content=\"image\/jpeg\" \/>\n<meta name=\"author\" content=\"hjm-yllapito\" \/>\n<meta name=\"twitter:card\" content=\"summary_large_image\" \/>\n<meta name=\"twitter:creator\" content=\"@hyvajoulumieli\" \/>\n<meta name=\"twitter:site\" content=\"@hyvajoulumieli\" \/>\n<meta name=\"twitter:label1\" content=\"Skriven av\" \/>\n\t<meta name=\"twitter:data1\" content=\"hjm-yllapito\" \/>\n\t<meta name=\"twitter:label2\" content=\"Ber\u00e4knad l\u00e4stid\" \/>\n\t<meta name=\"twitter:data2\" content=\"2 minuter\" \/>\n<script type=\"application\/ld+json\" class=\"yoast-schema-graph\">{\"@context\":\"https:\\\/\\\/schema.org\",\"@graph\":[{\"@type\":\"Article\",\"@id\":\"https:\\\/\\\/hyvajoulumieli.fi\\\/sv\\\/jul-i-sinnet-insamlingen-startade-pa-helsingfors-jarnvagsstation\\\/#article\",\"isPartOf\":{\"@id\":\"https:\\\/\\\/hyvajoulumieli.fi\\\/sv\\\/jul-i-sinnet-insamlingen-startade-pa-helsingfors-jarnvagsstation\\\/\"},\"author\":{\"name\":\"hjm-yllapito\",\"@id\":\"https:\\\/\\\/hyvajoulumieli.fi\\\/#\\\/schema\\\/person\\\/157f8ed05b48bcd527652c35771c91ee\"},\"headline\":\"Jul i Sinnet-insamlingen startade p\u00e5 Helsingfors j\u00e4rnv\u00e4gsstation\",\"datePublished\":\"2019-11-22T13:07:24+00:00\",\"dateModified\":\"2020-05-20T13:16:00+00:00\",\"mainEntityOfPage\":{\"@id\":\"https:\\\/\\\/hyvajoulumieli.fi\\\/sv\\\/jul-i-sinnet-insamlingen-startade-pa-helsingfors-jarnvagsstation\\\/\"},\"wordCount\":494,\"publisher\":{\"@id\":\"https:\\\/\\\/hyvajoulumieli.fi\\\/#organization\"},\"image\":{\"@id\":\"https:\\\/\\\/hyvajoulumieli.fi\\\/sv\\\/jul-i-sinnet-insamlingen-startade-pa-helsingfors-jarnvagsstation\\\/#primaryimage\"},\"thumbnailUrl\":\"https:\\\/\\\/hyvajoulumieli.fi\\\/wp-content\\\/uploads\\\/2019\\\/11\\\/21-11-2019_BS_HJM_014-HJMsivut-800x533.jpg\",\"articleSection\":[\"Aktuellt\"],\"inLanguage\":\"sv-SE\"},{\"@type\":\"WebPage\",\"@id\":\"https:\\\/\\\/hyvajoulumieli.fi\\\/sv\\\/jul-i-sinnet-insamlingen-startade-pa-helsingfors-jarnvagsstation\\\/\",\"url\":\"https:\\\/\\\/hyvajoulumieli.fi\\\/sv\\\/jul-i-sinnet-insamlingen-startade-pa-helsingfors-jarnvagsstation\\\/\",\"name\":\"Jul i Sinnet-insamlingen startade p\u00e5 Helsingfors j\u00e4rnv\u00e4gsstation - Hyv\u00e4 Joulumieli -ker\u00e4ys\",\"isPartOf\":{\"@id\":\"https:\\\/\\\/hyvajoulumieli.fi\\\/#website\"},\"primaryImageOfPage\":{\"@id\":\"https:\\\/\\\/hyvajoulumieli.fi\\\/sv\\\/jul-i-sinnet-insamlingen-startade-pa-helsingfors-jarnvagsstation\\\/#primaryimage\"},\"image\":{\"@id\":\"https:\\\/\\\/hyvajoulumieli.fi\\\/sv\\\/jul-i-sinnet-insamlingen-startade-pa-helsingfors-jarnvagsstation\\\/#primaryimage\"},\"thumbnailUrl\":\"https:\\\/\\\/hyvajoulumieli.fi\\\/wp-content\\\/uploads\\\/2019\\\/11\\\/21-11-2019_BS_HJM_014-HJMsivut-800x533.jpg\",\"datePublished\":\"2019-11-22T13:07:24+00:00\",\"dateModified\":\"2020-05-20T13:16:00+00:00\",\"breadcrumb\":{\"@id\":\"https:\\\/\\\/hyvajoulumieli.fi\\\/sv\\\/jul-i-sinnet-insamlingen-startade-pa-helsingfors-jarnvagsstation\\\/#breadcrumb\"},\"inLanguage\":\"sv-SE\",\"potentialAction\":[{\"@type\":\"ReadAction\",\"target\":[\"https:\\\/\\\/hyvajoulumieli.fi\\\/sv\\\/jul-i-sinnet-insamlingen-startade-pa-helsingfors-jarnvagsstation\\\/\"]}]},{\"@type\":\"ImageObject\",\"inLanguage\":\"sv-SE\",\"@id\":\"https:\\\/\\\/hyvajoulumieli.fi\\\/sv\\\/jul-i-sinnet-insamlingen-startade-pa-helsingfors-jarnvagsstation\\\/#primaryimage\",\"url\":\"https:\\\/\\\/hyvajoulumieli.fi\\\/wp-content\\\/uploads\\\/2019\\\/11\\\/21-11-2019_BS_HJM_014-HJMsivut-800x533.jpg\",\"contentUrl\":\"https:\\\/\\\/hyvajoulumieli.fi\\\/wp-content\\\/uploads\\\/2019\\\/11\\\/21-11-2019_BS_HJM_014-HJMsivut-800x533.jpg\",\"width\":800,\"height\":533,\"caption\":\"20191121 Ahmadi Habibollah Hyv\u0160 Joulumieli avajaistapahtumassa Rautatientorilla, Helsingiss\u0160.\"},{\"@type\":\"BreadcrumbList\",\"@id\":\"https:\\\/\\\/hyvajoulumieli.fi\\\/sv\\\/jul-i-sinnet-insamlingen-startade-pa-helsingfors-jarnvagsstation\\\/#breadcrumb\",\"itemListElement\":[{\"@type\":\"ListItem\",\"position\":1,\"name\":\"Etusivu\",\"item\":\"https:\\\/\\\/hyvajoulumieli.fi\\\/sv\\\/\"},{\"@type\":\"ListItem\",\"position\":2,\"name\":\"Ajankohtaista\",\"item\":\"https:\\\/\\\/hyvajoulumieli.fi\\\/category\\\/ajankohtaista\\\/\"},{\"@type\":\"ListItem\",\"position\":3,\"name\":\"Jul i Sinnet-insamlingen startade p\u00e5 Helsingfors j\u00e4rnv\u00e4gsstation\"}]},{\"@type\":\"WebSite\",\"@id\":\"https:\\\/\\\/hyvajoulumieli.fi\\\/#website\",\"url\":\"https:\\\/\\\/hyvajoulumieli.fi\\\/\",\"name\":\"Hyv\u00e4 Joulumieli -ker\u00e4ys\",\"description\":\"Lahjoituksellasi autat v\u00e4h\u00e4varaisia lapsiperheit\u00e4. Sinun avullasi voimme jakaa ruokalahjakortteja apua tarvitseville perheille Suomessa. Hyv\u00e4 Joulumieli -lahjoitus tuo joulun.\",\"publisher\":{\"@id\":\"https:\\\/\\\/hyvajoulumieli.fi\\\/#organization\"},\"potentialAction\":[{\"@type\":\"SearchAction\",\"target\":{\"@type\":\"EntryPoint\",\"urlTemplate\":\"https:\\\/\\\/hyvajoulumieli.fi\\\/?s={search_term_string}\"},\"query-input\":{\"@type\":\"PropertyValueSpecification\",\"valueRequired\":true,\"valueName\":\"search_term_string\"}}],\"inLanguage\":\"sv-SE\"},{\"@type\":\"Organization\",\"@id\":\"https:\\\/\\\/hyvajoulumieli.fi\\\/#organization\",\"name\":\"Hyv\u00e4 Joulumieli -ker\u00e4ys\",\"url\":\"https:\\\/\\\/hyvajoulumieli.fi\\\/\",\"logo\":{\"@type\":\"ImageObject\",\"inLanguage\":\"sv-SE\",\"@id\":\"https:\\\/\\\/hyvajoulumieli.fi\\\/#\\\/schema\\\/logo\\\/image\\\/\",\"url\":\"https:\\\/\\\/hyvajoulumieli.fi\\\/wp-content\\\/uploads\\\/2024\\\/09\\\/Hyvajoulumieli_logo_valkoinen-tausta.png\",\"contentUrl\":\"https:\\\/\\\/hyvajoulumieli.fi\\\/wp-content\\\/uploads\\\/2024\\\/09\\\/Hyvajoulumieli_logo_valkoinen-tausta.png\",\"width\":295,\"height\":113,\"caption\":\"Hyv\u00e4 Joulumieli -ker\u00e4ys\"},\"image\":{\"@id\":\"https:\\\/\\\/hyvajoulumieli.fi\\\/#\\\/schema\\\/logo\\\/image\\\/\"},\"sameAs\":[\"https:\\\/\\\/www.facebook.com\\\/hyvajoulumieli\\\/\",\"https:\\\/\\\/x.com\\\/hyvajoulumieli\",\"http:\\\/\\\/@hyvajoulumieli\"]},{\"@type\":\"Person\",\"@id\":\"https:\\\/\\\/hyvajoulumieli.fi\\\/#\\\/schema\\\/person\\\/157f8ed05b48bcd527652c35771c91ee\",\"name\":\"hjm-yllapito\",\"url\":\"https:\\\/\\\/hyvajoulumieli.fi\\\/sv\\\/author\\\/hjm-yllapito\\\/\"}]}<\/script>\n<!-- \/ Yoast SEO plugin. -->","yoast_head_json":{"title":"Jul i Sinnet-insamlingen startade p\u00e5 Helsingfors j\u00e4rnv\u00e4gsstation - Hyv\u00e4 Joulumieli -ker\u00e4ys","robots":{"index":"index","follow":"follow","max-snippet":"max-snippet:-1","max-image-preview":"max-image-preview:large","max-video-preview":"max-video-preview:-1"},"canonical":"https:\/\/hyvajoulumieli.fi\/sv\/jul-i-sinnet-insamlingen-startade-pa-helsingfors-jarnvagsstation\/","og_locale":"sv_SE","og_type":"article","og_title":"Jul i Sinnet-insamlingen startade p\u00e5 Helsingfors j\u00e4rnv\u00e4gsstation - Hyv\u00e4 Joulumieli -ker\u00e4ys","og_description":"R\u00f6da Korsets och Mannerheims Barnskyddsf\u00f6rbunds kampanj Jul i Sinnet f\u00f6r att hj\u00e4lpa mindre bemedlade barnfamiljer \u00f6ppnades idag torsdag p\u00e5 Helsingfors j\u00e4rnv\u00e4gsstation. Insamlingen p\u00e5g\u00e5r fram till julafton. T\u00e4ckjackekl\u00e4dda Minna D\u00e4pp vallar en skara barn med gl\u00f6ggmuggar i h\u00e4nderna p\u00e5 Helsingfors j\u00e4rnv\u00e4gsstation. &#8211; Hej d\u00e4r \u00e4r Saara Aalto! ropar ett av barnen. Huvudartisten vid \u00f6ppningen av Jul ... L\u00e4s mer","og_url":"https:\/\/hyvajoulumieli.fi\/sv\/jul-i-sinnet-insamlingen-startade-pa-helsingfors-jarnvagsstation\/","og_site_name":"Hyv\u00e4 Joulumieli -ker\u00e4ys","article_publisher":"https:\/\/www.facebook.com\/hyvajoulumieli\/","article_published_time":"2019-11-22T13:07:24+00:00","article_modified_time":"2020-05-20T13:16:00+00:00","og_image":[{"width":800,"height":533,"url":"https:\/\/hyvajoulumieli.fi\/wp-content\/uploads\/2019\/11\/21-11-2019_BS_HJM_014-HJMsivut-800x533.jpg","type":"image\/jpeg"}],"author":"hjm-yllapito","twitter_card":"summary_large_image","twitter_creator":"@hyvajoulumieli","twitter_site":"@hyvajoulumieli","twitter_misc":{"Skriven av":"hjm-yllapito","Ber\u00e4knad l\u00e4stid":"2 minuter"},"schema":{"@context":"https:\/\/schema.org","@graph":[{"@type":"Article","@id":"https:\/\/hyvajoulumieli.fi\/sv\/jul-i-sinnet-insamlingen-startade-pa-helsingfors-jarnvagsstation\/#article","isPartOf":{"@id":"https:\/\/hyvajoulumieli.fi\/sv\/jul-i-sinnet-insamlingen-startade-pa-helsingfors-jarnvagsstation\/"},"author":{"name":"hjm-yllapito","@id":"https:\/\/hyvajoulumieli.fi\/#\/schema\/person\/157f8ed05b48bcd527652c35771c91ee"},"headline":"Jul i Sinnet-insamlingen startade p\u00e5 Helsingfors j\u00e4rnv\u00e4gsstation","datePublished":"2019-11-22T13:07:24+00:00","dateModified":"2020-05-20T13:16:00+00:00","mainEntityOfPage":{"@id":"https:\/\/hyvajoulumieli.fi\/sv\/jul-i-sinnet-insamlingen-startade-pa-helsingfors-jarnvagsstation\/"},"wordCount":494,"publisher":{"@id":"https:\/\/hyvajoulumieli.fi\/#organization"},"image":{"@id":"https:\/\/hyvajoulumieli.fi\/sv\/jul-i-sinnet-insamlingen-startade-pa-helsingfors-jarnvagsstation\/#primaryimage"},"thumbnailUrl":"https:\/\/hyvajoulumieli.fi\/wp-content\/uploads\/2019\/11\/21-11-2019_BS_HJM_014-HJMsivut-800x533.jpg","articleSection":["Aktuellt"],"inLanguage":"sv-SE"},{"@type":"WebPage","@id":"https:\/\/hyvajoulumieli.fi\/sv\/jul-i-sinnet-insamlingen-startade-pa-helsingfors-jarnvagsstation\/","url":"https:\/\/hyvajoulumieli.fi\/sv\/jul-i-sinnet-insamlingen-startade-pa-helsingfors-jarnvagsstation\/","name":"Jul i Sinnet-insamlingen startade p\u00e5 Helsingfors j\u00e4rnv\u00e4gsstation - Hyv\u00e4 Joulumieli -ker\u00e4ys","isPartOf":{"@id":"https:\/\/hyvajoulumieli.fi\/#website"},"primaryImageOfPage":{"@id":"https:\/\/hyvajoulumieli.fi\/sv\/jul-i-sinnet-insamlingen-startade-pa-helsingfors-jarnvagsstation\/#primaryimage"},"image":{"@id":"https:\/\/hyvajoulumieli.fi\/sv\/jul-i-sinnet-insamlingen-startade-pa-helsingfors-jarnvagsstation\/#primaryimage"},"thumbnailUrl":"https:\/\/hyvajoulumieli.fi\/wp-content\/uploads\/2019\/11\/21-11-2019_BS_HJM_014-HJMsivut-800x533.jpg","datePublished":"2019-11-22T13:07:24+00:00","dateModified":"2020-05-20T13:16:00+00:00","breadcrumb":{"@id":"https:\/\/hyvajoulumieli.fi\/sv\/jul-i-sinnet-insamlingen-startade-pa-helsingfors-jarnvagsstation\/#breadcrumb"},"inLanguage":"sv-SE","potentialAction":[{"@type":"ReadAction","target":["https:\/\/hyvajoulumieli.fi\/sv\/jul-i-sinnet-insamlingen-startade-pa-helsingfors-jarnvagsstation\/"]}]},{"@type":"ImageObject","inLanguage":"sv-SE","@id":"https:\/\/hyvajoulumieli.fi\/sv\/jul-i-sinnet-insamlingen-startade-pa-helsingfors-jarnvagsstation\/#primaryimage","url":"https:\/\/hyvajoulumieli.fi\/wp-content\/uploads\/2019\/11\/21-11-2019_BS_HJM_014-HJMsivut-800x533.jpg","contentUrl":"https:\/\/hyvajoulumieli.fi\/wp-content\/uploads\/2019\/11\/21-11-2019_BS_HJM_014-HJMsivut-800x533.jpg","width":800,"height":533,"caption":"20191121 Ahmadi Habibollah Hyv\u0160 Joulumieli avajaistapahtumassa Rautatientorilla, Helsingiss\u0160."},{"@type":"BreadcrumbList","@id":"https:\/\/hyvajoulumieli.fi\/sv\/jul-i-sinnet-insamlingen-startade-pa-helsingfors-jarnvagsstation\/#breadcrumb","itemListElement":[{"@type":"ListItem","position":1,"name":"Etusivu","item":"https:\/\/hyvajoulumieli.fi\/sv\/"},{"@type":"ListItem","position":2,"name":"Ajankohtaista","item":"https:\/\/hyvajoulumieli.fi\/category\/ajankohtaista\/"},{"@type":"ListItem","position":3,"name":"Jul i Sinnet-insamlingen startade p\u00e5 Helsingfors j\u00e4rnv\u00e4gsstation"}]},{"@type":"WebSite","@id":"https:\/\/hyvajoulumieli.fi\/#website","url":"https:\/\/hyvajoulumieli.fi\/","name":"Hyv\u00e4 Joulumieli -ker\u00e4ys","description":"Lahjoituksellasi autat v\u00e4h\u00e4varaisia lapsiperheit\u00e4. Sinun avullasi voimme jakaa ruokalahjakortteja apua tarvitseville perheille Suomessa. Hyv\u00e4 Joulumieli -lahjoitus tuo joulun.","publisher":{"@id":"https:\/\/hyvajoulumieli.fi\/#organization"},"potentialAction":[{"@type":"SearchAction","target":{"@type":"EntryPoint","urlTemplate":"https:\/\/hyvajoulumieli.fi\/?s={search_term_string}"},"query-input":{"@type":"PropertyValueSpecification","valueRequired":true,"valueName":"search_term_string"}}],"inLanguage":"sv-SE"},{"@type":"Organization","@id":"https:\/\/hyvajoulumieli.fi\/#organization","name":"Hyv\u00e4 Joulumieli -ker\u00e4ys","url":"https:\/\/hyvajoulumieli.fi\/","logo":{"@type":"ImageObject","inLanguage":"sv-SE","@id":"https:\/\/hyvajoulumieli.fi\/#\/schema\/logo\/image\/","url":"https:\/\/hyvajoulumieli.fi\/wp-content\/uploads\/2024\/09\/Hyvajoulumieli_logo_valkoinen-tausta.png","contentUrl":"https:\/\/hyvajoulumieli.fi\/wp-content\/uploads\/2024\/09\/Hyvajoulumieli_logo_valkoinen-tausta.png","width":295,"height":113,"caption":"Hyv\u00e4 Joulumieli -ker\u00e4ys"},"image":{"@id":"https:\/\/hyvajoulumieli.fi\/#\/schema\/logo\/image\/"},"sameAs":["https:\/\/www.facebook.com\/hyvajoulumieli\/","https:\/\/x.com\/hyvajoulumieli","http:\/\/@hyvajoulumieli"]},{"@type":"Person","@id":"https:\/\/hyvajoulumieli.fi\/#\/schema\/person\/157f8ed05b48bcd527652c35771c91ee","name":"hjm-yllapito","url":"https:\/\/hyvajoulumieli.fi\/sv\/author\/hjm-yllapito\/"}]}},"_links":{"self":[{"href":"https:\/\/hyvajoulumieli.fi\/sv\/wp-json\/wp\/v2\/posts\/1840","targetHints":{"allow":["GET"]}}],"collection":[{"href":"https:\/\/hyvajoulumieli.fi\/sv\/wp-json\/wp\/v2\/posts"}],"about":[{"href":"https:\/\/hyvajoulumieli.fi\/sv\/wp-json\/wp\/v2\/types\/post"}],"author":[{"embeddable":true,"href":"https:\/\/hyvajoulumieli.fi\/sv\/wp-json\/wp\/v2\/users\/1"}],"replies":[{"embeddable":true,"href":"https:\/\/hyvajoulumieli.fi\/sv\/wp-json\/wp\/v2\/comments?post=1840"}],"version-history":[{"count":4,"href":"https:\/\/hyvajoulumieli.fi\/sv\/wp-json\/wp\/v2\/posts\/1840\/revisions"}],"predecessor-version":[{"id":1845,"href":"https:\/\/hyvajoulumieli.fi\/sv\/wp-json\/wp\/v2\/posts\/1840\/revisions\/1845"}],"wp:featuredmedia":[{"embeddable":true,"href":"https:\/\/hyvajoulumieli.fi\/sv\/wp-json\/wp\/v2\/media\/1830"}],"wp:attachment":[{"href":"https:\/\/hyvajoulumieli.fi\/sv\/wp-json\/wp\/v2\/media?parent=1840"}],"wp:term":[{"taxonomy":"category","embeddable":true,"href":"https:\/\/hyvajoulumieli.fi\/sv\/wp-json\/wp\/v2\/categories?post=1840"},{"taxonomy":"post_tag","embeddable":true,"href":"https:\/\/hyvajoulumieli.fi\/sv\/wp-json\/wp\/v2\/tags?post=1840"}],"curies":[{"name":"wp","href":"https:\/\/api.w.org\/{rel}","templated":true}]}}