{"id":2623,"date":"2021-12-02T16:14:08","date_gmt":"2021-12-02T14:14:08","guid":{"rendered":"https:\/\/hyvajoulumieli.fi\/?p=2623"},"modified":"2021-12-02T16:14:10","modified_gmt":"2021-12-02T14:14:10","slug":"fattigdom-i-barnfamiljer-ar-en-valfardsrisk","status":"publish","type":"post","link":"https:\/\/hyvajoulumieli.fi\/sv\/fattigdom-i-barnfamiljer-ar-en-valfardsrisk\/","title":{"rendered":"Fattigdom i barnfamiljer \u00e4r en v\u00e4lf\u00e4rdsrisk"},"content":{"rendered":"\n<p><strong>Fattigdom i barnfamiljer f\u00f6rs\u00e4mrar barnens v\u00e4lbefinnande och kan p\u00e5verka dem l\u00e5ngt upp i vuxen \u00e5lder. Det medf\u00f6r ocks\u00e5 riske f\u00f6r deras h\u00e4lsa, studief\u00f6rm\u00e5ga och arbetsf\u00f6rm\u00e5ga i vuxen \u00e5lder. Det \u00e4r m\u00f6jligt att minska fattigdomen i barnfamiljer och dess effekter med de r\u00e4tta \u00e5tg\u00e4rderna.<\/strong><\/p>\n\n\n\n<p>I Finland bor n\u00e4stan 12 procent av alla barn i mindre bemedlade familjer. Det \u00e4r 121&nbsp;000 barn under 18 \u00e5r. Det finns m\u00e5nga orsaker till ekonomiska sv\u00e5righeter, t.ex. arbetsl\u00f6shet, l\u00e5ngvarig sjukdom eller arbetsof\u00f6rm\u00e5ga.<\/p>\n\n\n\n<p>Det \u00e4r viktigt att observera att n\u00e4stan h\u00e4lften av alla familjer under l\u00e5ginkomstgr\u00e4nsen har en v\u00e5rdnadshavare som arbetar. I Finland \u00e4r fattigdom trots arbete ett fenomen som drabbar framf\u00f6r allt barnfamiljer. Det finns ocks\u00e5 m\u00e5nga mindre bemedlade barnfamiljer d\u00e4r en eller b\u00e5da f\u00f6r\u00e4ldrarna studerar.<\/p>\n\n\n\n<p>En viktig bakgrundsfaktor \u00e4r m\u00e4ngden vuxna i arbetsf\u00f6r \u00e5lder i hush\u00e5llet. Totalt 10 procent av barn med tv\u00e5 v\u00e5rdnadshavare lever i mindre bemedlade familjer. F\u00f6r familjer med en v\u00e5rdnadshavare \u00e4r motsvarande siffra 21 procent.<\/p>\n\n\n\n<h2 class=\"wp-block-heading\"><strong>Utslagenhet orsakar sm\u00e4rta och problem <\/strong><strong><\/strong><\/h2>\n\n\n\n<p>B\u00e5de barnens och f\u00f6r\u00e4ldrarnas v\u00e4lm\u00e5ende minskar om familjen har det sv\u00e5rt ekonomiskt.&nbsp; I familjer med bebisar och sm\u00e5barn kan f\u00f6r\u00e4ldrarnas ekonomiska stress p\u00e5verka deras f\u00f6rm\u00e5ga att tillgodose barnets behov. Bebisar utvecklas i v\u00e4xelverkan med f\u00f6r\u00e4ldrarna. D\u00e4rf\u00f6r \u00e4r fattigdom i den tidiga barndomen allra mest skadligt.<\/p>\n\n\n\n<p>Hos \u00e4ldre barn kan familjens svaga ekonomi p\u00e5verka f\u00f6rh\u00e5llandet till j\u00e4mn\u00e5riga. Barn i mindre bemedlade familjer kan inte g\u00f6ra samma saker som sina kompisar, vilket skapar en k\u00e4nsla av utanf\u00f6rskap. Dessutom blir de l\u00e4ttare mobbade \u00e4n andra. Barn i mindre bemedlade familjer har svagare f\u00f6rtroende f\u00f6r en god framtid och sina m\u00f6jligheter \u00e4n andra j\u00e4mn\u00e5riga.&nbsp;<\/p>\n\n\n\n<h2 class=\"wp-block-heading\"><strong>Hur kan vi minska fattigdomen?<\/strong><strong><\/strong><\/h2>\n\n\n\n<p>Det \u00e4r sv\u00e5rt att helt eliminera fattigdomen bland barnfamiljer, men med de r\u00e4tta \u00e5tg\u00e4rderna \u00e4r det m\u00f6jligt att minska den och lindra dess effekter. Det viktigaste \u00e4r att h\u00f6ja utkomstskyddet och niv\u00e5n p\u00e5 grundtryggheten, som sackar efter den allm\u00e4nna l\u00f6neutvecklingen. Samtidigt borde man b\u00e4ttre samordna l\u00f6neinkomster, f\u00f6rm\u00e5ner och beskattning. Inkomst\u00f6verf\u00f6ring och beskattning har tidigare j\u00e4mnat ut inkomstskillnader, men nu har den balanserande effekten minskat.<\/p>\n\n\n\n<p>S\u00e4rskilt i tillv\u00e4xtcentra \u00e4r de dyra boendekostnaderna en bidragande faktor till att familjer har sv\u00e5rt att klara sig ekonomiskt. Ett s\u00e4tt att \u00e5tg\u00e4rda detta \u00e4r att utveckla bostadsbidraget och \u00f6ka produktionen av f\u00f6rm\u00e5nligare bost\u00e4der.<\/p>\n\n\n\n<p>Ett viktigt s\u00e4tt att minska effekterna av fattigdom \u00e4r att s\u00e4kerst\u00e4lla utbildningsm\u00f6jligheter f\u00f6r alla. Den avgiftsfria utbildningen i andra stadiet har varit en betydande f\u00f6rb\u00e4ttring. Utbildningens kvalitet m\u00e5ste garanteras inom sm\u00e5barnspedagogiken, den grundl\u00e4ggande utbildningen och andra stadiet. Vi m\u00e5ste ocks\u00e5 v\u00e4rna om elevv\u00e5rdens resurser.<\/p>\n\n\n\n<p>Coronapandemin har \u00f6kat inl\u00e4rnings- och v\u00e4lf\u00e4rdsskillnaderna mellan barn, d\u00e5 det varit sv\u00e5rt f\u00f6r de utmattade f\u00f6r\u00e4ldrarna att st\u00f6dja sina barn. Samtidigt har nedsk\u00e4rningar gjorts i tj\u00e4nsterna f\u00f6r barnfamiljer, vilket skapar en serviceskuld. Krisen har l\u00e5ngvariga effekter p\u00e5 barnens v\u00e4lf\u00e4rd, om samh\u00e4llet inte snabbt kan svara p\u00e5 familjernas \u00f6kade behov av st\u00f6d.<\/p>\n\n\n\n<h3 class=\"wp-block-heading\">Donera nu!<\/h3>\n\n\n\n<p><a href=\"https:\/\/donation.securycast.com\/hjm?lang=se\" target=\"_blank\" rel=\"noreferrer noopener\">Donera som privat person<\/a><\/p>\n\n\n\n<p><a href=\"https:\/\/hyvajoulumieli.fi\/sv\/foretagsdonationer\/\">F\u00f6retagsdonationer<\/a><\/p>\n","protected":false},"excerpt":{"rendered":"<p>Fattigdom i barnfamiljer f\u00f6rs\u00e4mrar barnens v\u00e4lbefinnande och kan p\u00e5verka dem l\u00e5ngt upp i vuxen \u00e5lder. Det medf\u00f6r ocks\u00e5 riske f\u00f6r deras h\u00e4lsa, studief\u00f6rm\u00e5ga och arbetsf\u00f6rm\u00e5ga i vuxen \u00e5lder. Det \u00e4r m\u00f6jligt att minska fattigdomen i barnfamiljer och dess effekter med de r\u00e4tta \u00e5tg\u00e4rderna. I Finland bor n\u00e4stan 12 procent av alla barn i mindre bemedlade &#8230; <a title=\"Fattigdom i barnfamiljer \u00e4r en v\u00e4lf\u00e4rdsrisk\" class=\"read-more\" href=\"https:\/\/hyvajoulumieli.fi\/sv\/fattigdom-i-barnfamiljer-ar-en-valfardsrisk\/\" aria-label=\"L\u00e4s mer om Fattigdom i barnfamiljer \u00e4r en v\u00e4lf\u00e4rdsrisk\">L\u00e4s mer<\/a><\/p>\n","protected":false},"author":1,"featured_media":2609,"comment_status":"open","ping_status":"open","sticky":false,"template":"","format":"standard","meta":{"_acf_changed":false,"_monsterinsights_skip_tracking":false,"_monsterinsights_sitenote_active":false,"_monsterinsights_sitenote_note":"","_monsterinsights_sitenote_category":0,"footnotes":""},"categories":[5],"tags":[],"class_list":["post-2623","post","type-post","status-publish","format-standard","has-post-thumbnail","hentry","category-aktuellt"],"acf":[],"gutentor_comment":0,"yoast_head":"<!-- This site is optimized with the Yoast SEO plugin v27.5 - https:\/\/yoast.com\/product\/yoast-seo-wordpress\/ -->\n<title>Fattigdom i barnfamiljer \u00e4r en v\u00e4lf\u00e4rdsrisk - Hyv\u00e4 Joulumieli -ker\u00e4ys<\/title>\n<meta name=\"robots\" content=\"index, follow, max-snippet:-1, max-image-preview:large, max-video-preview:-1\" \/>\n<link rel=\"canonical\" href=\"https:\/\/hyvajoulumieli.fi\/sv\/fattigdom-i-barnfamiljer-ar-en-valfardsrisk\/\" \/>\n<meta property=\"og:locale\" content=\"sv_SE\" \/>\n<meta property=\"og:type\" content=\"article\" \/>\n<meta property=\"og:title\" content=\"Fattigdom i barnfamiljer \u00e4r en v\u00e4lf\u00e4rdsrisk - Hyv\u00e4 Joulumieli -ker\u00e4ys\" \/>\n<meta property=\"og:description\" content=\"Fattigdom i barnfamiljer f\u00f6rs\u00e4mrar barnens v\u00e4lbefinnande och kan p\u00e5verka dem l\u00e5ngt upp i vuxen \u00e5lder. Det medf\u00f6r ocks\u00e5 riske f\u00f6r deras h\u00e4lsa, studief\u00f6rm\u00e5ga och arbetsf\u00f6rm\u00e5ga i vuxen \u00e5lder. Det \u00e4r m\u00f6jligt att minska fattigdomen i barnfamiljer och dess effekter med de r\u00e4tta \u00e5tg\u00e4rderna. I Finland bor n\u00e4stan 12 procent av alla barn i mindre bemedlade ... L\u00e4s mer\" \/>\n<meta property=\"og:url\" content=\"https:\/\/hyvajoulumieli.fi\/sv\/fattigdom-i-barnfamiljer-ar-en-valfardsrisk\/\" \/>\n<meta property=\"og:site_name\" content=\"Hyv\u00e4 Joulumieli -ker\u00e4ys\" \/>\n<meta property=\"article:publisher\" content=\"https:\/\/www.facebook.com\/hyvajoulumieli\/\" \/>\n<meta property=\"article:published_time\" content=\"2021-12-02T14:14:08+00:00\" \/>\n<meta property=\"article:modified_time\" content=\"2021-12-02T14:14:10+00:00\" \/>\n<meta property=\"og:image\" content=\"https:\/\/hyvajoulumieli.fi\/wp-content\/uploads\/2021\/12\/Hyva_joulumieli_21_stills-25-nettisivuille-scaled.jpg\" \/>\n\t<meta property=\"og:image:width\" content=\"2560\" \/>\n\t<meta property=\"og:image:height\" content=\"1446\" \/>\n\t<meta property=\"og:image:type\" content=\"image\/jpeg\" \/>\n<meta name=\"author\" content=\"hjm-yllapito\" \/>\n<meta name=\"twitter:card\" content=\"summary_large_image\" \/>\n<meta name=\"twitter:creator\" content=\"@hyvajoulumieli\" \/>\n<meta name=\"twitter:site\" content=\"@hyvajoulumieli\" \/>\n<meta name=\"twitter:label1\" content=\"Skriven av\" \/>\n\t<meta name=\"twitter:data1\" content=\"hjm-yllapito\" \/>\n\t<meta name=\"twitter:label2\" content=\"Ber\u00e4knad l\u00e4stid\" \/>\n\t<meta name=\"twitter:data2\" content=\"3 minuter\" \/>\n<script type=\"application\/ld+json\" class=\"yoast-schema-graph\">{\"@context\":\"https:\\\/\\\/schema.org\",\"@graph\":[{\"@type\":\"Article\",\"@id\":\"https:\\\/\\\/hyvajoulumieli.fi\\\/sv\\\/fattigdom-i-barnfamiljer-ar-en-valfardsrisk\\\/#article\",\"isPartOf\":{\"@id\":\"https:\\\/\\\/hyvajoulumieli.fi\\\/sv\\\/fattigdom-i-barnfamiljer-ar-en-valfardsrisk\\\/\"},\"author\":{\"name\":\"hjm-yllapito\",\"@id\":\"https:\\\/\\\/hyvajoulumieli.fi\\\/#\\\/schema\\\/person\\\/157f8ed05b48bcd527652c35771c91ee\"},\"headline\":\"Fattigdom i barnfamiljer \u00e4r en v\u00e4lf\u00e4rdsrisk\",\"datePublished\":\"2021-12-02T14:14:08+00:00\",\"dateModified\":\"2021-12-02T14:14:10+00:00\",\"mainEntityOfPage\":{\"@id\":\"https:\\\/\\\/hyvajoulumieli.fi\\\/sv\\\/fattigdom-i-barnfamiljer-ar-en-valfardsrisk\\\/\"},\"wordCount\":595,\"commentCount\":0,\"publisher\":{\"@id\":\"https:\\\/\\\/hyvajoulumieli.fi\\\/#organization\"},\"image\":{\"@id\":\"https:\\\/\\\/hyvajoulumieli.fi\\\/sv\\\/fattigdom-i-barnfamiljer-ar-en-valfardsrisk\\\/#primaryimage\"},\"thumbnailUrl\":\"https:\\\/\\\/hyvajoulumieli.fi\\\/wp-content\\\/uploads\\\/2021\\\/12\\\/Hyva_joulumieli_21_stills-25-nettisivuille-scaled.jpg\",\"articleSection\":[\"Aktuellt\"],\"inLanguage\":\"sv-SE\",\"potentialAction\":[{\"@type\":\"CommentAction\",\"name\":\"Comment\",\"target\":[\"https:\\\/\\\/hyvajoulumieli.fi\\\/sv\\\/fattigdom-i-barnfamiljer-ar-en-valfardsrisk\\\/#respond\"]}]},{\"@type\":\"WebPage\",\"@id\":\"https:\\\/\\\/hyvajoulumieli.fi\\\/sv\\\/fattigdom-i-barnfamiljer-ar-en-valfardsrisk\\\/\",\"url\":\"https:\\\/\\\/hyvajoulumieli.fi\\\/sv\\\/fattigdom-i-barnfamiljer-ar-en-valfardsrisk\\\/\",\"name\":\"Fattigdom i barnfamiljer \u00e4r en v\u00e4lf\u00e4rdsrisk - Hyv\u00e4 Joulumieli -ker\u00e4ys\",\"isPartOf\":{\"@id\":\"https:\\\/\\\/hyvajoulumieli.fi\\\/#website\"},\"primaryImageOfPage\":{\"@id\":\"https:\\\/\\\/hyvajoulumieli.fi\\\/sv\\\/fattigdom-i-barnfamiljer-ar-en-valfardsrisk\\\/#primaryimage\"},\"image\":{\"@id\":\"https:\\\/\\\/hyvajoulumieli.fi\\\/sv\\\/fattigdom-i-barnfamiljer-ar-en-valfardsrisk\\\/#primaryimage\"},\"thumbnailUrl\":\"https:\\\/\\\/hyvajoulumieli.fi\\\/wp-content\\\/uploads\\\/2021\\\/12\\\/Hyva_joulumieli_21_stills-25-nettisivuille-scaled.jpg\",\"datePublished\":\"2021-12-02T14:14:08+00:00\",\"dateModified\":\"2021-12-02T14:14:10+00:00\",\"breadcrumb\":{\"@id\":\"https:\\\/\\\/hyvajoulumieli.fi\\\/sv\\\/fattigdom-i-barnfamiljer-ar-en-valfardsrisk\\\/#breadcrumb\"},\"inLanguage\":\"sv-SE\",\"potentialAction\":[{\"@type\":\"ReadAction\",\"target\":[\"https:\\\/\\\/hyvajoulumieli.fi\\\/sv\\\/fattigdom-i-barnfamiljer-ar-en-valfardsrisk\\\/\"]}]},{\"@type\":\"ImageObject\",\"inLanguage\":\"sv-SE\",\"@id\":\"https:\\\/\\\/hyvajoulumieli.fi\\\/sv\\\/fattigdom-i-barnfamiljer-ar-en-valfardsrisk\\\/#primaryimage\",\"url\":\"https:\\\/\\\/hyvajoulumieli.fi\\\/wp-content\\\/uploads\\\/2021\\\/12\\\/Hyva_joulumieli_21_stills-25-nettisivuille-scaled.jpg\",\"contentUrl\":\"https:\\\/\\\/hyvajoulumieli.fi\\\/wp-content\\\/uploads\\\/2021\\\/12\\\/Hyva_joulumieli_21_stills-25-nettisivuille-scaled.jpg\",\"width\":2560,\"height\":1446,\"caption\":\"koristeellinen\"},{\"@type\":\"BreadcrumbList\",\"@id\":\"https:\\\/\\\/hyvajoulumieli.fi\\\/sv\\\/fattigdom-i-barnfamiljer-ar-en-valfardsrisk\\\/#breadcrumb\",\"itemListElement\":[{\"@type\":\"ListItem\",\"position\":1,\"name\":\"Etusivu\",\"item\":\"https:\\\/\\\/hyvajoulumieli.fi\\\/sv\\\/\"},{\"@type\":\"ListItem\",\"position\":2,\"name\":\"Aktuellt\",\"item\":\"https:\\\/\\\/hyvajoulumieli.fi\\\/sv\\\/category\\\/aktuellt\\\/\"},{\"@type\":\"ListItem\",\"position\":3,\"name\":\"Fattigdom i barnfamiljer \u00e4r en v\u00e4lf\u00e4rdsrisk\"}]},{\"@type\":\"WebSite\",\"@id\":\"https:\\\/\\\/hyvajoulumieli.fi\\\/#website\",\"url\":\"https:\\\/\\\/hyvajoulumieli.fi\\\/\",\"name\":\"Hyv\u00e4 Joulumieli -ker\u00e4ys\",\"description\":\"Lahjoituksellasi autat v\u00e4h\u00e4varaisia lapsiperheit\u00e4. Sinun avullasi voimme jakaa ruokalahjakortteja apua tarvitseville perheille Suomessa. Hyv\u00e4 Joulumieli -lahjoitus tuo joulun.\",\"publisher\":{\"@id\":\"https:\\\/\\\/hyvajoulumieli.fi\\\/#organization\"},\"potentialAction\":[{\"@type\":\"SearchAction\",\"target\":{\"@type\":\"EntryPoint\",\"urlTemplate\":\"https:\\\/\\\/hyvajoulumieli.fi\\\/?s={search_term_string}\"},\"query-input\":{\"@type\":\"PropertyValueSpecification\",\"valueRequired\":true,\"valueName\":\"search_term_string\"}}],\"inLanguage\":\"sv-SE\"},{\"@type\":\"Organization\",\"@id\":\"https:\\\/\\\/hyvajoulumieli.fi\\\/#organization\",\"name\":\"Hyv\u00e4 Joulumieli -ker\u00e4ys\",\"url\":\"https:\\\/\\\/hyvajoulumieli.fi\\\/\",\"logo\":{\"@type\":\"ImageObject\",\"inLanguage\":\"sv-SE\",\"@id\":\"https:\\\/\\\/hyvajoulumieli.fi\\\/#\\\/schema\\\/logo\\\/image\\\/\",\"url\":\"https:\\\/\\\/hyvajoulumieli.fi\\\/wp-content\\\/uploads\\\/2024\\\/09\\\/Hyvajoulumieli_logo_valkoinen-tausta.png\",\"contentUrl\":\"https:\\\/\\\/hyvajoulumieli.fi\\\/wp-content\\\/uploads\\\/2024\\\/09\\\/Hyvajoulumieli_logo_valkoinen-tausta.png\",\"width\":295,\"height\":113,\"caption\":\"Hyv\u00e4 Joulumieli -ker\u00e4ys\"},\"image\":{\"@id\":\"https:\\\/\\\/hyvajoulumieli.fi\\\/#\\\/schema\\\/logo\\\/image\\\/\"},\"sameAs\":[\"https:\\\/\\\/www.facebook.com\\\/hyvajoulumieli\\\/\",\"https:\\\/\\\/x.com\\\/hyvajoulumieli\",\"http:\\\/\\\/@hyvajoulumieli\"]},{\"@type\":\"Person\",\"@id\":\"https:\\\/\\\/hyvajoulumieli.fi\\\/#\\\/schema\\\/person\\\/157f8ed05b48bcd527652c35771c91ee\",\"name\":\"hjm-yllapito\",\"url\":\"https:\\\/\\\/hyvajoulumieli.fi\\\/sv\\\/author\\\/hjm-yllapito\\\/\"}]}<\/script>\n<!-- \/ Yoast SEO plugin. -->","yoast_head_json":{"title":"Fattigdom i barnfamiljer \u00e4r en v\u00e4lf\u00e4rdsrisk - Hyv\u00e4 Joulumieli -ker\u00e4ys","robots":{"index":"index","follow":"follow","max-snippet":"max-snippet:-1","max-image-preview":"max-image-preview:large","max-video-preview":"max-video-preview:-1"},"canonical":"https:\/\/hyvajoulumieli.fi\/sv\/fattigdom-i-barnfamiljer-ar-en-valfardsrisk\/","og_locale":"sv_SE","og_type":"article","og_title":"Fattigdom i barnfamiljer \u00e4r en v\u00e4lf\u00e4rdsrisk - Hyv\u00e4 Joulumieli -ker\u00e4ys","og_description":"Fattigdom i barnfamiljer f\u00f6rs\u00e4mrar barnens v\u00e4lbefinnande och kan p\u00e5verka dem l\u00e5ngt upp i vuxen \u00e5lder. Det medf\u00f6r ocks\u00e5 riske f\u00f6r deras h\u00e4lsa, studief\u00f6rm\u00e5ga och arbetsf\u00f6rm\u00e5ga i vuxen \u00e5lder. Det \u00e4r m\u00f6jligt att minska fattigdomen i barnfamiljer och dess effekter med de r\u00e4tta \u00e5tg\u00e4rderna. I Finland bor n\u00e4stan 12 procent av alla barn i mindre bemedlade ... L\u00e4s mer","og_url":"https:\/\/hyvajoulumieli.fi\/sv\/fattigdom-i-barnfamiljer-ar-en-valfardsrisk\/","og_site_name":"Hyv\u00e4 Joulumieli -ker\u00e4ys","article_publisher":"https:\/\/www.facebook.com\/hyvajoulumieli\/","article_published_time":"2021-12-02T14:14:08+00:00","article_modified_time":"2021-12-02T14:14:10+00:00","og_image":[{"width":2560,"height":1446,"url":"https:\/\/hyvajoulumieli.fi\/wp-content\/uploads\/2021\/12\/Hyva_joulumieli_21_stills-25-nettisivuille-scaled.jpg","type":"image\/jpeg"}],"author":"hjm-yllapito","twitter_card":"summary_large_image","twitter_creator":"@hyvajoulumieli","twitter_site":"@hyvajoulumieli","twitter_misc":{"Skriven av":"hjm-yllapito","Ber\u00e4knad l\u00e4stid":"3 minuter"},"schema":{"@context":"https:\/\/schema.org","@graph":[{"@type":"Article","@id":"https:\/\/hyvajoulumieli.fi\/sv\/fattigdom-i-barnfamiljer-ar-en-valfardsrisk\/#article","isPartOf":{"@id":"https:\/\/hyvajoulumieli.fi\/sv\/fattigdom-i-barnfamiljer-ar-en-valfardsrisk\/"},"author":{"name":"hjm-yllapito","@id":"https:\/\/hyvajoulumieli.fi\/#\/schema\/person\/157f8ed05b48bcd527652c35771c91ee"},"headline":"Fattigdom i barnfamiljer \u00e4r en v\u00e4lf\u00e4rdsrisk","datePublished":"2021-12-02T14:14:08+00:00","dateModified":"2021-12-02T14:14:10+00:00","mainEntityOfPage":{"@id":"https:\/\/hyvajoulumieli.fi\/sv\/fattigdom-i-barnfamiljer-ar-en-valfardsrisk\/"},"wordCount":595,"commentCount":0,"publisher":{"@id":"https:\/\/hyvajoulumieli.fi\/#organization"},"image":{"@id":"https:\/\/hyvajoulumieli.fi\/sv\/fattigdom-i-barnfamiljer-ar-en-valfardsrisk\/#primaryimage"},"thumbnailUrl":"https:\/\/hyvajoulumieli.fi\/wp-content\/uploads\/2021\/12\/Hyva_joulumieli_21_stills-25-nettisivuille-scaled.jpg","articleSection":["Aktuellt"],"inLanguage":"sv-SE","potentialAction":[{"@type":"CommentAction","name":"Comment","target":["https:\/\/hyvajoulumieli.fi\/sv\/fattigdom-i-barnfamiljer-ar-en-valfardsrisk\/#respond"]}]},{"@type":"WebPage","@id":"https:\/\/hyvajoulumieli.fi\/sv\/fattigdom-i-barnfamiljer-ar-en-valfardsrisk\/","url":"https:\/\/hyvajoulumieli.fi\/sv\/fattigdom-i-barnfamiljer-ar-en-valfardsrisk\/","name":"Fattigdom i barnfamiljer \u00e4r en v\u00e4lf\u00e4rdsrisk - Hyv\u00e4 Joulumieli -ker\u00e4ys","isPartOf":{"@id":"https:\/\/hyvajoulumieli.fi\/#website"},"primaryImageOfPage":{"@id":"https:\/\/hyvajoulumieli.fi\/sv\/fattigdom-i-barnfamiljer-ar-en-valfardsrisk\/#primaryimage"},"image":{"@id":"https:\/\/hyvajoulumieli.fi\/sv\/fattigdom-i-barnfamiljer-ar-en-valfardsrisk\/#primaryimage"},"thumbnailUrl":"https:\/\/hyvajoulumieli.fi\/wp-content\/uploads\/2021\/12\/Hyva_joulumieli_21_stills-25-nettisivuille-scaled.jpg","datePublished":"2021-12-02T14:14:08+00:00","dateModified":"2021-12-02T14:14:10+00:00","breadcrumb":{"@id":"https:\/\/hyvajoulumieli.fi\/sv\/fattigdom-i-barnfamiljer-ar-en-valfardsrisk\/#breadcrumb"},"inLanguage":"sv-SE","potentialAction":[{"@type":"ReadAction","target":["https:\/\/hyvajoulumieli.fi\/sv\/fattigdom-i-barnfamiljer-ar-en-valfardsrisk\/"]}]},{"@type":"ImageObject","inLanguage":"sv-SE","@id":"https:\/\/hyvajoulumieli.fi\/sv\/fattigdom-i-barnfamiljer-ar-en-valfardsrisk\/#primaryimage","url":"https:\/\/hyvajoulumieli.fi\/wp-content\/uploads\/2021\/12\/Hyva_joulumieli_21_stills-25-nettisivuille-scaled.jpg","contentUrl":"https:\/\/hyvajoulumieli.fi\/wp-content\/uploads\/2021\/12\/Hyva_joulumieli_21_stills-25-nettisivuille-scaled.jpg","width":2560,"height":1446,"caption":"koristeellinen"},{"@type":"BreadcrumbList","@id":"https:\/\/hyvajoulumieli.fi\/sv\/fattigdom-i-barnfamiljer-ar-en-valfardsrisk\/#breadcrumb","itemListElement":[{"@type":"ListItem","position":1,"name":"Etusivu","item":"https:\/\/hyvajoulumieli.fi\/sv\/"},{"@type":"ListItem","position":2,"name":"Aktuellt","item":"https:\/\/hyvajoulumieli.fi\/sv\/category\/aktuellt\/"},{"@type":"ListItem","position":3,"name":"Fattigdom i barnfamiljer \u00e4r en v\u00e4lf\u00e4rdsrisk"}]},{"@type":"WebSite","@id":"https:\/\/hyvajoulumieli.fi\/#website","url":"https:\/\/hyvajoulumieli.fi\/","name":"Hyv\u00e4 Joulumieli -ker\u00e4ys","description":"Lahjoituksellasi autat v\u00e4h\u00e4varaisia lapsiperheit\u00e4. Sinun avullasi voimme jakaa ruokalahjakortteja apua tarvitseville perheille Suomessa. Hyv\u00e4 Joulumieli -lahjoitus tuo joulun.","publisher":{"@id":"https:\/\/hyvajoulumieli.fi\/#organization"},"potentialAction":[{"@type":"SearchAction","target":{"@type":"EntryPoint","urlTemplate":"https:\/\/hyvajoulumieli.fi\/?s={search_term_string}"},"query-input":{"@type":"PropertyValueSpecification","valueRequired":true,"valueName":"search_term_string"}}],"inLanguage":"sv-SE"},{"@type":"Organization","@id":"https:\/\/hyvajoulumieli.fi\/#organization","name":"Hyv\u00e4 Joulumieli -ker\u00e4ys","url":"https:\/\/hyvajoulumieli.fi\/","logo":{"@type":"ImageObject","inLanguage":"sv-SE","@id":"https:\/\/hyvajoulumieli.fi\/#\/schema\/logo\/image\/","url":"https:\/\/hyvajoulumieli.fi\/wp-content\/uploads\/2024\/09\/Hyvajoulumieli_logo_valkoinen-tausta.png","contentUrl":"https:\/\/hyvajoulumieli.fi\/wp-content\/uploads\/2024\/09\/Hyvajoulumieli_logo_valkoinen-tausta.png","width":295,"height":113,"caption":"Hyv\u00e4 Joulumieli -ker\u00e4ys"},"image":{"@id":"https:\/\/hyvajoulumieli.fi\/#\/schema\/logo\/image\/"},"sameAs":["https:\/\/www.facebook.com\/hyvajoulumieli\/","https:\/\/x.com\/hyvajoulumieli","http:\/\/@hyvajoulumieli"]},{"@type":"Person","@id":"https:\/\/hyvajoulumieli.fi\/#\/schema\/person\/157f8ed05b48bcd527652c35771c91ee","name":"hjm-yllapito","url":"https:\/\/hyvajoulumieli.fi\/sv\/author\/hjm-yllapito\/"}]}},"_links":{"self":[{"href":"https:\/\/hyvajoulumieli.fi\/sv\/wp-json\/wp\/v2\/posts\/2623","targetHints":{"allow":["GET"]}}],"collection":[{"href":"https:\/\/hyvajoulumieli.fi\/sv\/wp-json\/wp\/v2\/posts"}],"about":[{"href":"https:\/\/hyvajoulumieli.fi\/sv\/wp-json\/wp\/v2\/types\/post"}],"author":[{"embeddable":true,"href":"https:\/\/hyvajoulumieli.fi\/sv\/wp-json\/wp\/v2\/users\/1"}],"replies":[{"embeddable":true,"href":"https:\/\/hyvajoulumieli.fi\/sv\/wp-json\/wp\/v2\/comments?post=2623"}],"version-history":[{"count":7,"href":"https:\/\/hyvajoulumieli.fi\/sv\/wp-json\/wp\/v2\/posts\/2623\/revisions"}],"predecessor-version":[{"id":2630,"href":"https:\/\/hyvajoulumieli.fi\/sv\/wp-json\/wp\/v2\/posts\/2623\/revisions\/2630"}],"wp:featuredmedia":[{"embeddable":true,"href":"https:\/\/hyvajoulumieli.fi\/sv\/wp-json\/wp\/v2\/media\/2609"}],"wp:attachment":[{"href":"https:\/\/hyvajoulumieli.fi\/sv\/wp-json\/wp\/v2\/media?parent=2623"}],"wp:term":[{"taxonomy":"category","embeddable":true,"href":"https:\/\/hyvajoulumieli.fi\/sv\/wp-json\/wp\/v2\/categories?post=2623"},{"taxonomy":"post_tag","embeddable":true,"href":"https:\/\/hyvajoulumieli.fi\/sv\/wp-json\/wp\/v2\/tags?post=2623"}],"curies":[{"name":"wp","href":"https:\/\/api.w.org\/{rel}","templated":true}]}}